{"id":17316,"date":"2025-06-25T14:54:07","date_gmt":"2025-06-25T17:54:07","guid":{"rendered":"https:\/\/enlamira.info\/?p=17316"},"modified":"2025-06-25T14:54:07","modified_gmt":"2025-06-25T17:54:07","slug":"campana-solidaria-de-invierno-en-avellaneda-lanus-tu-donacion-hace-la-diferencia","status":"publish","type":"post","link":"https:\/\/enlamira.info\/index.php\/2025\/06\/25\/campana-solidaria-de-invierno-en-avellaneda-lanus-tu-donacion-hace-la-diferencia\/","title":{"rendered":"Campa\u00f1a Solidaria de Invierno en Avellaneda-Lan\u00fas: &#8220;Tu donaci\u00f3n hace la diferencia&#8221;"},"content":{"rendered":"\n<p><br><em>La Di\u00f3cesis de Avellaneda-Lan\u00fas convoca a una colecta para abrigar corazones en este invierno crudo.<\/em><\/p>\n\n\n\n<p>Bajo el lema b\u00edblico <strong>\u201cDios ama al dador alegre\u201d (2 Cor 9, 7)<\/strong>, el Obispo Maxi Margni lanz\u00f3 la <strong>Colecta Diocesana de Invierno<\/strong>, una iniciativa que busca acompa\u00f1ar con ropa de abrigo a personas en situaci\u00f3n de calle o vulnerabilidad.<\/p>\n\n\n\n<p>Organizada por la <strong>Vicar\u00eda de Solidaridad<\/strong> junto a parroquias y organizaciones pastorales, la campa\u00f1a invita a donar frazadas, buzos y camperas, que ser\u00e1n entregados por medio del servicio de <strong>Noches de la Caridad y la Misericordia<\/strong>, presente semana a semana en las calles de la di\u00f3cesis.<\/p>\n\n\n\n<p><strong>\u00bfD\u00f3nde llevar tu donaci\u00f3n?<\/strong><br>Las siguientes parroquias est\u00e1n recibiendo abrigo:<\/p>\n\n\n\n<ul>\n<li>San Pablo y Ntra. Sra. de Luj\u00e1n (Av. Roca 468, Avellaneda)<\/li>\n\n\n\n<li>Sant\u00edsimo Sacramento (12 de Octubre 162, Avellaneda)<\/li>\n\n\n\n<li>Ntra. Sra. de Loreto (Av. Mitre 3779, Sarand\u00ed)<\/li>\n\n\n\n<li>La Inmaculada San Maximiliano Kolbe (Rodo 245, Wilde)<\/li>\n\n\n\n<li>San Juan Mar\u00eda Vianney (Kloosterman 1726, Monte Chingolo)<\/li>\n\n\n\n<li>San Jos\u00e9 de Pompeo (Hna. Mar\u00eda Odilia Zaloznik 3572, Lan\u00fas)<\/li>\n\n\n\n<li>Ntra. Sra. de los Remedios (Av. Rosales 1042, Remedios de Escalada)<br>Adem\u00e1s, todas las <strong>C\u00e1ritas parroquiales<\/strong> est\u00e1n habilitadas como puntos de entrega.<\/li>\n<\/ul>\n\n\n\n<p><strong>Espacios solidarios para abrigarse y compartir algo caliente:<\/strong><\/p>\n\n\n\n<ul>\n<li>Fundaci\u00f3n Mons. Di Pasquo (Montes de Oca 249, Avellaneda)<\/li>\n\n\n\n<li>Galp\u00f3n de C\u00e1ritas (solo abrigos, lun. a vier. de 9 a 12 h \u2013 Ricardo Guti\u00e9rrez 942)<\/li>\n\n\n\n<li>Estaci\u00f3n Lan\u00fas \u2013 lunes a las 20:00 h<\/li>\n\n\n\n<li>Merendero \u201cTacitas Azules\u201d \u2013 viernes 17 a 18 h (Loreto, Sarand\u00ed)<\/li>\n\n\n\n<li>Comedor San Jos\u00e9 \u2013 mi\u00e9rcoles y viernes 18:30 h (Capilla Ntra. Sra. de Luj\u00e1n, Villa Tranquila)<\/li>\n<\/ul>\n\n\n\n<p><strong>Recorridas solidarias del Colectivo Solidario:<\/strong><\/p>\n\n\n\n<ul>\n<li>Plaza Alsina \u2013 lunes 20:00 h<\/li>\n\n\n\n<li>Mitre y Las Flores \u2013 lunes 21:30 h<\/li>\n<\/ul>\n\n\n\n<p>El Obispo Margni agradeci\u00f3 a las y los voluntarios que lo hacen posible: <em>\u201cSu entrega y creatividad son expresi\u00f3n viva del Evangelio hecho gesto solidario. La misericordia cambia el mundo, lo hace menos fr\u00edo y m\u00e1s justo\u201d<\/em>, expres\u00f3.<\/p>\n\n\n\n<p><strong>Contamos con vos. Tu abrigo puede ser el calor de alguien que lo necesita.<\/strong><\/p>\n\n\n\n<p>.<\/p>\n","protected":false},"excerpt":{"rendered":"<p>La Di\u00f3cesis de Avellaneda-Lan\u00fas convoca a una colecta para abrigar corazones en este invierno crudo. Bajo el lema b\u00edblico \u201cDios ama al dador alegre\u201d (2 Cor 9, 7), el Obispo Maxi Margni lanz\u00f3 la Colecta Diocesana de Invierno, una iniciativa que busca acompa\u00f1ar con ropa de abrigo a personas en situaci\u00f3n de calle o vulnerabilidad. [&hellip;]<\/p>\n","protected":false},"author":2,"featured_media":17317,"comment_status":"open","ping_status":"open","sticky":false,"template":"","format":"standard","meta":{"footnotes":""},"categories":[1,34],"tags":[],"_links":{"self":[{"href":"https:\/\/enlamira.info\/index.php\/wp-json\/wp\/v2\/posts\/17316"}],"collection":[{"href":"https:\/\/enlamira.info\/index.php\/wp-json\/wp\/v2\/posts"}],"about":[{"href":"https:\/\/enlamira.info\/index.php\/wp-json\/wp\/v2\/types\/post"}],"author":[{"embeddable":true,"href":"https:\/\/enlamira.info\/index.php\/wp-json\/wp\/v2\/users\/2"}],"replies":[{"embeddable":true,"href":"https:\/\/enlamira.info\/index.php\/wp-json\/wp\/v2\/comments?post=17316"}],"version-history":[{"count":1,"href":"https:\/\/enlamira.info\/index.php\/wp-json\/wp\/v2\/posts\/17316\/revisions"}],"predecessor-version":[{"id":17318,"href":"https:\/\/enlamira.info\/index.php\/wp-json\/wp\/v2\/posts\/17316\/revisions\/17318"}],"wp:featuredmedia":[{"embeddable":true,"href":"https:\/\/enlamira.info\/index.php\/wp-json\/wp\/v2\/media\/17317"}],"wp:attachment":[{"href":"https:\/\/enlamira.info\/index.php\/wp-json\/wp\/v2\/media?parent=17316"}],"wp:term":[{"taxonomy":"category","embeddable":true,"href":"https:\/\/enlamira.info\/index.php\/wp-json\/wp\/v2\/categories?post=17316"},{"taxonomy":"post_tag","embeddable":true,"href":"https:\/\/enlamira.info\/index.php\/wp-json\/wp\/v2\/tags?post=17316"}],"curies":[{"name":"wp","href":"https:\/\/api.w.org\/{rel}","templated":true}]}}