{"id":1729,"date":"2024-03-22T12:00:42","date_gmt":"2024-03-22T15:00:42","guid":{"rendered":"https:\/\/enlamira.info\/?p=1729"},"modified":"2024-03-22T15:55:24","modified_gmt":"2024-03-22T18:55:24","slug":"bullrich-y-petri-cruzaron-a-villarruel-por-cuestionar-el-paquete-de-leyes-para-combatir-el-narcotrafico","status":"publish","type":"post","link":"https:\/\/enlamira.info\/index.php\/2024\/03\/22\/bullrich-y-petri-cruzaron-a-villarruel-por-cuestionar-el-paquete-de-leyes-para-combatir-el-narcotrafico\/","title":{"rendered":"Bullrich y Petri cruzaron a Villarruel por cuestionar el paquete de leyes para combatir el narcotr\u00e1fico"},"content":{"rendered":"\n<p>La ministra de Seguridad y el titular de la cartera de Defensa respondieron a las afirmaciones de la vicepresidenta, quien se manifest\u00f3 en contra de la intervenci\u00f3n de las fuerzas armadas en asuntos de seguridad interior.<\/p>\n\n\n\n<p>En su primera entrevista en el rol de vicepresidenta, Victoria Villarruel, marc\u00f3 este jueves sus diferencias con el Gobierno en cuanto al rol de las fuerzas armadas. El ministro de Defensa, Luis Petri, y luego la ministra de Seguridad, Patricia Bullrich, le respondieron.Este jueves por la noche, Villarruel sostuvo: \u201cNo estoy de acuerdo, lo dije en campa\u00f1a y lo sigo sosteniendo. La funci\u00f3n de las Fuerzas Armadas no es combatir a civiles, creo hab\u00eda quedado claro con el tema de los 70. El narco es un civil para el derecho. En los 70 se combati\u00f3 al terrorismo, \u00bfd\u00f3nde est\u00e1n los que lo combatieron? Presos\u201d.Ante la frase de la vicepresidenta, Petri, uno de los impulsores de que las Fuerzas puedan entrar a combatir el narcotr\u00e1fico junto a Patricia Bullrich, manifest\u00f3 que \u201ces otro contexto\u201d.<\/p>\n\n\n\n<p>Seg\u00fan el jefe de Defensa, en los 70 \u201cno hab\u00eda Estado de Derecho, ese era el problema\u201d. Y agreg\u00f3: \u201cAdem\u00e1s, hubo terrorismo y por eso existieron las condenas no solamente militares, sino a civiles, gendarmes a polic\u00edas. No tiene que ver con la calificaci\u00f3n o con la profesi\u00f3n sino que tiene que ver con que se cometieron delitos de lesa humanidad que est\u00e1n cuestionados por el Estatuto de Roma\u201d.En ese sentido, minutos despu\u00e9s de terminada la entrevista a Villarruel, coment\u00f3: \u201cNosotros creemos que hay que darle un marco jur\u00eddico adecuado para que las FFAA no act\u00faen con los ojos vendados, no act\u00faen al margen de la ley, act\u00faen con un procedimiento claro, en los mismos t\u00e9rminos que lo hacen las otras fuerzas de seguridad\u201d.Otro de los temas que toc\u00f3 el ministro en di\u00e1logo con TN fue el de los desfiles militares, suspendidos desde hace a\u00f1os. \u201cEl 9 de Julio vuelven los desfiles a la Rep\u00fablica Argentina. Va a haber un desfile militar el 9 de julio. Como corresponde\u201d, anticip\u00f3.<\/p>\n\n\n\n<p>\u201cEstoy dispuesta a dar el debate\u201dPatricia Bullrich, por su parte, defendi\u00f3 la propuesta impulsada por Milei y afirm\u00f3 que est\u00e1 \u201cdispuesta a debatir\u201d con la compa\u00f1era de f\u00f3rmula del actual mandatario. La funcionaria pidi\u00f3 \u201cdejar atr\u00e1s las heridas\u201d del pasado y \u201cmirar hacia el futuro\u201d respecto al accionar de las Fuerzas Armadas.\u201cEs un debate que estoy totalmente dispuesta a darlo con la vicepresidenta: en este momento, si vamos a tomar esa parte de la historia, o si vamos a dar vuelta esa parte de la historia y vamos a analizar el futuro de estas Fuerzas Armadas\u201d, asegur\u00f3 Bullrich.Durante una entrevista concedida al periodista Eduardo Feinmann en Radio Mitre, la excandidata del Pro afirm\u00f3 que hay que decidir \u201csi el hecho de haber participado en esa parte de la historia (por la dictadura) hace que ahora queden paralizadas\u201d, y si bien dijo que entiende \u201cla preocupaci\u00f3n\u201d de la vicepresidenta, asegur\u00f3 que \u201cel pa\u00eds tiene que poder salir de sus heridas y avanzar hacia el futuro\u201d.<\/p>\n\n\n\n<p>&#8221; Las FFAA hoy son parte de la democracia. Adem\u00e1s, lo que se est\u00e1 discutiendo respecto al pasado no es solo haber participado del combate del terrorismo, sino cu\u00e1les fueron los m\u00e9todos que el Estado us\u00f3 para combatir el terrorismo. Los militares le tienen miedo a esa etapa, pero hay que superar los miedos que en la Argentina hemos tenido, como estamos superando los miedos en todos los campos. Estamos superando los miedos para ir con leyes m\u00e1s duras contra la inseguridad, tenemos que superar los miedos que han tenido las FFAA\u201d, agreg\u00f3.\u201cEste es un momento en el que tenemos que hacer un quiebre de lo que ha sido lo pol\u00edticamente correcto para ir a lo que necesita la sociedad. Y esa es la discusi\u00f3n que tenemos que dar en este momento\u201d, concluy\u00f3 Bullrich<\/p>\n\n\n\n<p><\/p>\n","protected":false},"excerpt":{"rendered":"<p>La ministra de Seguridad y el titular de la cartera de Defensa respondieron a las afirmaciones de la vicepresidenta, quien se manifest\u00f3 en contra de la intervenci\u00f3n de las fuerzas armadas en asuntos de seguridad interior. En su primera entrevista en el rol de vicepresidenta, Victoria Villarruel, marc\u00f3 este jueves sus diferencias con el Gobierno [&hellip;]<\/p>\n","protected":false},"author":2,"featured_media":1731,"comment_status":"open","ping_status":"open","sticky":false,"template":"","format":"standard","meta":{"footnotes":""},"categories":[20],"tags":[],"_links":{"self":[{"href":"https:\/\/enlamira.info\/index.php\/wp-json\/wp\/v2\/posts\/1729"}],"collection":[{"href":"https:\/\/enlamira.info\/index.php\/wp-json\/wp\/v2\/posts"}],"about":[{"href":"https:\/\/enlamira.info\/index.php\/wp-json\/wp\/v2\/types\/post"}],"author":[{"embeddable":true,"href":"https:\/\/enlamira.info\/index.php\/wp-json\/wp\/v2\/users\/2"}],"replies":[{"embeddable":true,"href":"https:\/\/enlamira.info\/index.php\/wp-json\/wp\/v2\/comments?post=1729"}],"version-history":[{"count":1,"href":"https:\/\/enlamira.info\/index.php\/wp-json\/wp\/v2\/posts\/1729\/revisions"}],"predecessor-version":[{"id":1730,"href":"https:\/\/enlamira.info\/index.php\/wp-json\/wp\/v2\/posts\/1729\/revisions\/1730"}],"wp:featuredmedia":[{"embeddable":true,"href":"https:\/\/enlamira.info\/index.php\/wp-json\/wp\/v2\/media\/1731"}],"wp:attachment":[{"href":"https:\/\/enlamira.info\/index.php\/wp-json\/wp\/v2\/media?parent=1729"}],"wp:term":[{"taxonomy":"category","embeddable":true,"href":"https:\/\/enlamira.info\/index.php\/wp-json\/wp\/v2\/categories?post=1729"},{"taxonomy":"post_tag","embeddable":true,"href":"https:\/\/enlamira.info\/index.php\/wp-json\/wp\/v2\/tags?post=1729"}],"curies":[{"name":"wp","href":"https:\/\/api.w.org\/{rel}","templated":true}]}}