{"id":17286,"date":"2025-06-24T14:17:05","date_gmt":"2025-06-24T17:17:05","guid":{"rendered":"https:\/\/enlamira.info\/?p=17286"},"modified":"2025-06-24T15:22:23","modified_gmt":"2025-06-24T18:22:23","slug":"adjudicada-ignorada-y-despojada-la-historia-de-daniela-y-el-conflicto-por-las-viviendas-del-predio-sagol","status":"publish","type":"post","link":"https:\/\/enlamira.info\/index.php\/2025\/06\/24\/adjudicada-ignorada-y-despojada-la-historia-de-daniela-y-el-conflicto-por-las-viviendas-del-predio-sagol\/","title":{"rendered":"Adjudicada, ignorada y despojada: la historia de Daniela y el conflicto por las viviendas del predio Sagol"},"content":{"rendered":"\n<p><em>\u201cTengo dos trabajos, pago $600.000 de alquiler, cr\u00edo sola a mi hijo con discapacidad\u2026 Present\u00e9 todos los papeles, gan\u00e9 el sorteo, y ahora me dicen que esas casas no son para nosotros\u201d<\/em>, cuenta Daniela Drizza, vecina de La Boca, con la indignaci\u00f3n de quien siente que le arrebataron lo justo.<\/p>\n\n\n\n<p>Su historia forma parte del reclamo creciente por el destino de las 160 viviendas del predio <strong>Intendente Sagol<\/strong>, en Avellaneda. En 2023, fueron adjudicadas a trav\u00e9s del plan <strong>Procrear<\/strong>, pero esta semana el Gobierno Nacional decidi\u00f3, sin previo aviso, entregar las unidades a <strong>efectivos de las fuerzas federales<\/strong>, dejando a las familias sorteadas en total incertidumbre.<\/p>\n\n\n\n<p><strong>Daniela habl\u00f3 en exclusiva con La Voz del Vecino, por <a href=\"https:\/\/impactosur.com.ar\">ImpactoSur.com.ar<\/a><\/strong>, donde relat\u00f3 el desconcierto al enterarse de lo ocurrido: <em>\u201cNos avisaron desde la Municipalidad de Avellaneda que ese d\u00eda hab\u00eda un acto con las Fuerzas Federales. Intentamos manifestarnos, pero el predio estaba vallado y lleno de polic\u00eda. Ni siquiera dejaron pasar al Defensor del Pueblo, Daniel Garc\u00eda\u201d<\/em>.<\/p>\n\n\n\n<figure class=\"wp-block-image size-full\"><img loading=\"lazy\" decoding=\"async\" width=\"700\" height=\"467\" src=\"https:\/\/enlamira.info\/wp-content\/uploads\/2025\/06\/945521-edificio-20sagol-20avellaneda.jpg\" alt=\"\" class=\"wp-image-17296\" srcset=\"https:\/\/enlamira.info\/wp-content\/uploads\/2025\/06\/945521-edificio-20sagol-20avellaneda.jpg 700w, https:\/\/enlamira.info\/wp-content\/uploads\/2025\/06\/945521-edificio-20sagol-20avellaneda-300x200.jpg 300w\" sizes=\"(max-width: 700px) 100vw, 700px\" \/><\/figure>\n\n\n\n<p>Mientras el caso est\u00e1 judicializado, la causa, seg\u00fan denuncian, <em>\u201cno se mueve\u201d<\/em>. Y las familias siguen esperando una respuesta. \u201cNo es pol\u00edtico, como dijo Bullrich. Yo fui sorteada. Lo que pido es simple: que se respete lo que ganamos con esfuerzo y por derecho\u201d, remarc\u00f3 Daniela.<\/p>\n\n\n\n<p>El conflicto no solo refleja la vulneraci\u00f3n de derechos de m\u00e1s de un centenar de familias, sino tambi\u00e9n <strong>la falta de transparencia y sensibilidad en la gesti\u00f3n de una pol\u00edtica p\u00fablica clave como el acceso a la vivienda<\/strong>. En la calle, lo sienten como una traici\u00f3n. <em>\u201cFue un robo. Nos sacaron algo que ya era nuestro\u201d<\/em>, expresaron otras vecinas.<\/p>\n\n\n\n<p>Desde el barrio hasta la justicia, el reclamo crece. Porque, como cerr\u00f3 Daniela en el programa, <em>\u201cla casa es un derecho, no un premio\u201d<\/em>.<\/p>\n\n\n\n<figure class=\"wp-block-embed is-type-video is-provider-youtube wp-block-embed-youtube wp-embed-aspect-16-9 wp-has-aspect-ratio\"><div class=\"wp-block-embed__wrapper\">\n<iframe loading=\"lazy\" title=\"Entrevista: &quot;Daniela&quot; habl\u00f3 en exclusiva con &quot;La Voz del Vecino&quot;\" width=\"640\" height=\"360\" src=\"https:\/\/www.youtube.com\/embed\/BBPPX0KI1XI?feature=oembed\" frameborder=\"0\" allow=\"accelerometer; autoplay; clipboard-write; encrypted-media; gyroscope; picture-in-picture; web-share\" referrerpolicy=\"strict-origin-when-cross-origin\" allowfullscreen><\/iframe>\n<\/div><\/figure>\n","protected":false},"excerpt":{"rendered":"<p>\u201cTengo dos trabajos, pago $600.000 de alquiler, cr\u00edo sola a mi hijo con discapacidad\u2026 Present\u00e9 todos los papeles, gan\u00e9 el sorteo, y ahora me dicen que esas casas no son para nosotros\u201d, cuenta Daniela Drizza, vecina de La Boca, con la indignaci\u00f3n de quien siente que le arrebataron lo justo. Su historia forma parte del [&hellip;]<\/p>\n","protected":false},"author":2,"featured_media":17295,"comment_status":"open","ping_status":"open","sticky":false,"template":"","format":"standard","meta":{"footnotes":""},"categories":[1,34],"tags":[1879,1880],"_links":{"self":[{"href":"https:\/\/enlamira.info\/index.php\/wp-json\/wp\/v2\/posts\/17286"}],"collection":[{"href":"https:\/\/enlamira.info\/index.php\/wp-json\/wp\/v2\/posts"}],"about":[{"href":"https:\/\/enlamira.info\/index.php\/wp-json\/wp\/v2\/types\/post"}],"author":[{"embeddable":true,"href":"https:\/\/enlamira.info\/index.php\/wp-json\/wp\/v2\/users\/2"}],"replies":[{"embeddable":true,"href":"https:\/\/enlamira.info\/index.php\/wp-json\/wp\/v2\/comments?post=17286"}],"version-history":[{"count":2,"href":"https:\/\/enlamira.info\/index.php\/wp-json\/wp\/v2\/posts\/17286\/revisions"}],"predecessor-version":[{"id":17306,"href":"https:\/\/enlamira.info\/index.php\/wp-json\/wp\/v2\/posts\/17286\/revisions\/17306"}],"wp:featuredmedia":[{"embeddable":true,"href":"https:\/\/enlamira.info\/index.php\/wp-json\/wp\/v2\/media\/17295"}],"wp:attachment":[{"href":"https:\/\/enlamira.info\/index.php\/wp-json\/wp\/v2\/media?parent=17286"}],"wp:term":[{"taxonomy":"category","embeddable":true,"href":"https:\/\/enlamira.info\/index.php\/wp-json\/wp\/v2\/categories?post=17286"},{"taxonomy":"post_tag","embeddable":true,"href":"https:\/\/enlamira.info\/index.php\/wp-json\/wp\/v2\/tags?post=17286"}],"curies":[{"name":"wp","href":"https:\/\/api.w.org\/{rel}","templated":true}]}}