{"id":17285,"date":"2025-06-24T14:40:14","date_gmt":"2025-06-24T17:40:14","guid":{"rendered":"https:\/\/enlamira.info\/?p=17285"},"modified":"2025-06-24T15:17:59","modified_gmt":"2025-06-24T18:17:59","slug":"no-estas-sola-la-fuerza-de-las-madres-en-lucha-que-convocan-a-marchar-por-una-juventud-libre-de-adicciones","status":"publish","type":"post","link":"https:\/\/enlamira.info\/index.php\/2025\/06\/24\/no-estas-sola-la-fuerza-de-las-madres-en-lucha-que-convocan-a-marchar-por-una-juventud-libre-de-adicciones\/","title":{"rendered":"&#8220;No est\u00e1s sola&#8221;: la fuerza de las Madres en Lucha que convocan a marchar por una juventud libre de adicciones"},"content":{"rendered":"\n<p>En una nueva emisi\u00f3n de <em>La Voz del Vecino<\/em>, el programa que conduce Marcelo Brunwald en <a href=\"https:\/\/impactosur.com.ar\">ImpactoSur.com.ar<\/a> de martes a viernes de 10 a 12, se escuch\u00f3 una voz conmovida, potente y llena de urgencia: la de <strong>Marcela Monz\u00f3n<\/strong>, presidenta de <strong>Madres en Lucha por una Juventud Despierta<\/strong>.<\/p>\n\n\n\n<p>En di\u00e1logo con el programa, Marcela lanz\u00f3 una convocatoria que busca multiplicarse en todo el pa\u00eds: <strong>el 26 de junio, D\u00eda Internacional de la Lucha contra el Narcotr\u00e1fico y el Consumo Problem\u00e1tico, habr\u00e1 una gran marcha frente a Casa Rosada a las 11 de la ma\u00f1ana<\/strong>. El objetivo: visibilizar el drama que atraviesan miles de familias y exigir de forma inmediata la sanci\u00f3n de una <em>Ley Nacional de Adicciones<\/em>.<\/p>\n\n\n\n<p>\u201cVamos a abrazarnos madres, padres, familias de todo el pa\u00eds. Porque queremos que dejen de morir nuestros hijos. Queremos oportunidades, no indiferencia. Queremos atenci\u00f3n, contenci\u00f3n y pol\u00edticas p\u00fablicas reales\u201d, remarc\u00f3 Monz\u00f3n.<\/p>\n\n\n\n<p>El testimonio fue crudo y emp\u00e1tico. Marcela explic\u00f3 que muchas madres sienten que est\u00e1n solas, que el sistema no les responde y que el silencio del Estado es ensordecedor. Por eso insisti\u00f3: <em>\u201cNo est\u00e1s sola. Este abrazo colectivo es tambi\u00e9n para vos. Ven\u00ed, camin\u00e1 con nosotras. Entre todos podemos hacer fuerza\u201d<\/em>.<\/p>\n\n\n\n<p>La organizaci\u00f3n, que viene visibilizando la problem\u00e1tica del consumo desde hace a\u00f1os, se\u00f1ala que la situaci\u00f3n se ha agravado mientras las herramientas para abordarla siguen siendo escasas y dispersas. \u201cNecesitamos una ley que garantice asistencia, acompa\u00f1amiento y respuestas. No podemos seguir esperando\u201d, concluy\u00f3.<\/p>\n\n\n\n<figure class=\"wp-block-embed is-type-video is-provider-youtube wp-block-embed-youtube wp-embed-aspect-16-9 wp-has-aspect-ratio\"><div class=\"wp-block-embed__wrapper\">\n<iframe loading=\"lazy\" title=\"Entrevista: Marcela Monz\u00f3n (24-06-2025)\" width=\"640\" height=\"360\" src=\"https:\/\/www.youtube.com\/embed\/P2zQAzmK8p4?feature=oembed\" frameborder=\"0\" allow=\"accelerometer; autoplay; clipboard-write; encrypted-media; gyroscope; picture-in-picture; web-share\" referrerpolicy=\"strict-origin-when-cross-origin\" allowfullscreen><\/iframe>\n<\/div><\/figure>\n","protected":false},"excerpt":{"rendered":"<p>En una nueva emisi\u00f3n de La Voz del Vecino, el programa que conduce Marcelo Brunwald en ImpactoSur.com.ar de martes a viernes de 10 a 12, se escuch\u00f3 una voz conmovida, potente y llena de urgencia: la de Marcela Monz\u00f3n, presidenta de Madres en Lucha por una Juventud Despierta. En di\u00e1logo con el programa, Marcela lanz\u00f3 [&hellip;]<\/p>\n","protected":false},"author":2,"featured_media":17298,"comment_status":"open","ping_status":"open","sticky":false,"template":"","format":"standard","meta":{"footnotes":""},"categories":[8,1,23],"tags":[],"_links":{"self":[{"href":"https:\/\/enlamira.info\/index.php\/wp-json\/wp\/v2\/posts\/17285"}],"collection":[{"href":"https:\/\/enlamira.info\/index.php\/wp-json\/wp\/v2\/posts"}],"about":[{"href":"https:\/\/enlamira.info\/index.php\/wp-json\/wp\/v2\/types\/post"}],"author":[{"embeddable":true,"href":"https:\/\/enlamira.info\/index.php\/wp-json\/wp\/v2\/users\/2"}],"replies":[{"embeddable":true,"href":"https:\/\/enlamira.info\/index.php\/wp-json\/wp\/v2\/comments?post=17285"}],"version-history":[{"count":2,"href":"https:\/\/enlamira.info\/index.php\/wp-json\/wp\/v2\/posts\/17285\/revisions"}],"predecessor-version":[{"id":17303,"href":"https:\/\/enlamira.info\/index.php\/wp-json\/wp\/v2\/posts\/17285\/revisions\/17303"}],"wp:featuredmedia":[{"embeddable":true,"href":"https:\/\/enlamira.info\/index.php\/wp-json\/wp\/v2\/media\/17298"}],"wp:attachment":[{"href":"https:\/\/enlamira.info\/index.php\/wp-json\/wp\/v2\/media?parent=17285"}],"wp:term":[{"taxonomy":"category","embeddable":true,"href":"https:\/\/enlamira.info\/index.php\/wp-json\/wp\/v2\/categories?post=17285"},{"taxonomy":"post_tag","embeddable":true,"href":"https:\/\/enlamira.info\/index.php\/wp-json\/wp\/v2\/tags?post=17285"}],"curies":[{"name":"wp","href":"https:\/\/api.w.org\/{rel}","templated":true}]}}