{"id":17172,"date":"2025-06-18T16:22:56","date_gmt":"2025-06-18T19:22:56","guid":{"rendered":"https:\/\/enlamira.info\/?p=17172"},"modified":"2025-06-18T16:22:56","modified_gmt":"2025-06-18T19:22:56","slug":"omar-guaras-la-salada-se-convertira-en-mil-saladitas-por-todo-el-conurbano","status":"publish","type":"post","link":"https:\/\/enlamira.info\/index.php\/2025\/06\/18\/omar-guaras-la-salada-se-convertira-en-mil-saladitas-por-todo-el-conurbano\/","title":{"rendered":"Omar Guaras: &#8220;La Salada se convertir\u00e1 en mil saladitas por todo el conurbano&#8221;"},"content":{"rendered":"\n<p>La emblem\u00e1tica feria de La Salada ha sido durante d\u00e9cadas el epicentro del comercio informal en Argentina, dando sustento a miles de familias que dependen de la venta popular para sobrevivir. Sin embargo, su cierre abrupto y la reapertura bajo condiciones desfavorables est\u00e1n generando un fen\u00f3meno inesperado: la descentralizaci\u00f3n del comercio hacia nuevas &#8220;saladitas&#8221; en distintos puntos del conurbano bonaerense.<\/p>\n\n\n\n<p>Seg\u00fan Omar Guaraz, referente de los vendedores ambulantes, la situaci\u00f3n actual es cr\u00edtica para la mayor\u00eda de los feriantes. <em>&#8220;El 80% de los puesteros no podr\u00e1 afrontar las condiciones que les exige la justicia porque no tienen capital. En los allanamientos, la polic\u00eda les confisc\u00f3 toda su mercader\u00eda y ahora les piden garant\u00edas imposibles de cumplir, ac\u00e1 directa e indirectamente viven 1 mill\u00f3n de personas&#8221;<\/em>, denunci\u00f3.<\/p>\n\n\n\n<p>La reapertura de La Salada ha sido presentada como una soluci\u00f3n, pero los vendedores aseguran que no es viable en las condiciones actuales. <em>&#8220;Quieren regularizar el comercio, pero para adaptarse a las nuevas exigencias, los trabajadores necesitar\u00edan al menos seis meses de margen. Sin ese tiempo, es imposible sostenerse&#8221;<\/em>, explic\u00f3 Guaraz.<\/p>\n\n\n\n<p>Ante la falta de alternativas dentro de La Salada, muchos feriantes han comenzado a migrar hacia mercados informales m\u00e1s peque\u00f1os, lo que est\u00e1 generando un crecimiento exponencial de nuevas ferias clandestinas en distintos barrios. <em>&#8220;Ya est\u00e1n surgiendo saladitas en cada rinc\u00f3n del conurbano porque la gente necesita vender para subsistir. Si no nos dan un marco legal justo, el comercio simplemente se fragmentar\u00e1 a\u00fan m\u00e1s&#8221;<\/em>, advierte Guaraz.<\/p>\n\n\n\n<p>La respuesta de las autoridades sigue siendo ambigua. Mientras intentan establecer regulaciones, los trabajadores denuncian que las condiciones impuestas solo favorecen a unos pocos, dejando a miles fuera del sistema. <em>&#8220;No es una soluci\u00f3n real. Nos est\u00e1n ahogando con medidas que no contemplan nuestra realidad. Si el Estado realmente quiere regularizar, tiene que dar tiempos razonables y apoyo para que podamos cumplir&#8221;<\/em>, concluy\u00f3 Guaraz.<\/p>\n\n\n\n<p>El futuro de La Salada sigue siendo incierto, pero lo que parece claro es que, lejos de desaparecer, su modelo se multiplicar\u00e1 en diferentes puntos del Gran Buenos Aires, marcando una transformaci\u00f3n inevitable en el comercio popular.<\/p>\n\n\n\n<figure class=\"wp-block-embed is-type-video is-provider-youtube wp-block-embed-youtube wp-embed-aspect-16-9 wp-has-aspect-ratio\"><div class=\"wp-block-embed__wrapper\">\n<iframe loading=\"lazy\" title=\"NOTA: La Situacion actual de &quot;LA SALADA&quot;\" width=\"640\" height=\"360\" src=\"https:\/\/www.youtube.com\/embed\/FgMtN1Uep-s?feature=oembed\" frameborder=\"0\" allow=\"accelerometer; autoplay; clipboard-write; encrypted-media; gyroscope; picture-in-picture; web-share\" referrerpolicy=\"strict-origin-when-cross-origin\" allowfullscreen><\/iframe>\n<\/div><\/figure>\n","protected":false},"excerpt":{"rendered":"<p>La emblem\u00e1tica feria de La Salada ha sido durante d\u00e9cadas el epicentro del comercio informal en Argentina, dando sustento a miles de familias que dependen de la venta popular para sobrevivir. Sin embargo, su cierre abrupto y la reapertura bajo condiciones desfavorables est\u00e1n generando un fen\u00f3meno inesperado: la descentralizaci\u00f3n del comercio hacia nuevas &#8220;saladitas&#8221; en [&hellip;]<\/p>\n","protected":false},"author":2,"featured_media":17177,"comment_status":"open","ping_status":"open","sticky":false,"template":"","format":"standard","meta":{"footnotes":""},"categories":[1,126,4,32,5,34],"tags":[1847],"_links":{"self":[{"href":"https:\/\/enlamira.info\/index.php\/wp-json\/wp\/v2\/posts\/17172"}],"collection":[{"href":"https:\/\/enlamira.info\/index.php\/wp-json\/wp\/v2\/posts"}],"about":[{"href":"https:\/\/enlamira.info\/index.php\/wp-json\/wp\/v2\/types\/post"}],"author":[{"embeddable":true,"href":"https:\/\/enlamira.info\/index.php\/wp-json\/wp\/v2\/users\/2"}],"replies":[{"embeddable":true,"href":"https:\/\/enlamira.info\/index.php\/wp-json\/wp\/v2\/comments?post=17172"}],"version-history":[{"count":1,"href":"https:\/\/enlamira.info\/index.php\/wp-json\/wp\/v2\/posts\/17172\/revisions"}],"predecessor-version":[{"id":17178,"href":"https:\/\/enlamira.info\/index.php\/wp-json\/wp\/v2\/posts\/17172\/revisions\/17178"}],"wp:featuredmedia":[{"embeddable":true,"href":"https:\/\/enlamira.info\/index.php\/wp-json\/wp\/v2\/media\/17177"}],"wp:attachment":[{"href":"https:\/\/enlamira.info\/index.php\/wp-json\/wp\/v2\/media?parent=17172"}],"wp:term":[{"taxonomy":"category","embeddable":true,"href":"https:\/\/enlamira.info\/index.php\/wp-json\/wp\/v2\/categories?post=17172"},{"taxonomy":"post_tag","embeddable":true,"href":"https:\/\/enlamira.info\/index.php\/wp-json\/wp\/v2\/tags?post=17172"}],"curies":[{"name":"wp","href":"https:\/\/api.w.org\/{rel}","templated":true}]}}