{"id":17111,"date":"2025-06-16T07:41:00","date_gmt":"2025-06-16T10:41:00","guid":{"rendered":"https:\/\/enlamira.info\/?p=17111"},"modified":"2025-06-14T13:44:43","modified_gmt":"2025-06-14T16:44:43","slug":"jimena-baron-fue-mama-el-nombre-inusual-que-eligio-para-su-hijo-con-matias-palleiro","status":"publish","type":"post","link":"https:\/\/enlamira.info\/index.php\/2025\/06\/16\/jimena-baron-fue-mama-el-nombre-inusual-que-eligio-para-su-hijo-con-matias-palleiro\/","title":{"rendered":"Jimena Bar\u00f3n fue mam\u00e1: el nombre inusual que eligi\u00f3 para su hijo con Mat\u00edas Palleiro"},"content":{"rendered":"\n<p>La actriz dio a luz antes de la fecha prevista. La noticia fue confirmada por Yanina Latorre y sorprendi\u00f3 el nombre elegido para el beb\u00e9: Aurelio.<\/p>\n\n\n\n<p>Luego de semanas de expectativa, Jimena Bar\u00f3n se convirti\u00f3 en madre por segunda vez. La actriz y cantante dio a luz a su primer hijo con Mat\u00edas Palleiro, su pareja desde hace tres a\u00f1os. El beb\u00e9 lleg\u00f3 al mundo unos d\u00edas antes de lo previsto y ya tiene nombre: Arturo.<\/p>\n\n\n\n<p>La noticia fue confirmada por Yanina Latorre en sus redes sociales: \u201cNaci\u00f3 Arturo Palleiro, hijo de Jimena Bar\u00f3n\u201d, escribi\u00f3 en su cuenta de X (antes Twitter), sorprendiendo a muchos con el nombre elegido, que hasta el momento no hab\u00eda sido revelado p\u00fablicamente.<\/p>\n\n\n\n<p>La joven hab\u00eda anunciado su embarazo en diciembre de 2024 a trav\u00e9s de su cuenta de Instagram, y desde entonces comparti\u00f3 abiertamente el proceso de gestaci\u00f3n con sus m\u00e1s de seis millones de seguidores. Mostr\u00f3 desde los cambios f\u00edsicos de su cuerpo, el crecimiento de la panza, hasta los detalles m\u00e9dicos como el peso del beb\u00e9 y su fecha estimada de parto, que originalmente estaba fijada para el 24 de junio.<\/p>\n\n\n\n<p>Emociones y temores en la previa<\/p>\n\n\n\n<p>A comienzos de junio, en una entrevista con LAM, Bar\u00f3n confes\u00f3 sentirse atravesada por emociones intensas y contradictorias: \u201cNo s\u00e9 si es ansiedad u hormonal, pero ya me desped\u00ed de la panza. Hay muchas emociones porque ya le queda poquito\u201d, expres\u00f3. Tambi\u00e9n asegur\u00f3 estar emocionada por conocer al beb\u00e9, aunque admiti\u00f3 cierta nostalgia por el cierre de esta etapa.<\/p>\n\n\n\n<p>La artista tambi\u00e9n hab\u00eda revelado que el beb\u00e9 ya pesaba 3.300 gramos y brome\u00f3 sobre el tama\u00f1o: \u201cEst\u00e1 gordito, es un bebote. El padre est\u00e1 orgulloso y yo no quiero que se nos vaya de mambo el tema del peso porque tiene que salir por ah\u00ed abajo, si Dios quiere\u201d, dijo con humor.<\/p>\n\n\n\n<p>Una nueva vida familiar<\/p>\n\n\n\n<p>Jimena, que ya es mam\u00e1 de Morrison \u201cMomo\u201d Osvaldo, de 11 a\u00f1os \u2014fruto de su relaci\u00f3n con Daniel Osvaldo\u2014, comparti\u00f3 en entrevistas su preocupaci\u00f3n sobre c\u00f3mo iba a vivir su hijo mayor la llegada del nuevo integrante. \u201cHay momentos que se copa y otros que no tanto porque tuvo 11 a\u00f1os de reinado, y eso es mucho tiempo\u201d, reflexion\u00f3.<\/p>\n\n\n\n<p>Tambi\u00e9n se refiri\u00f3 a los grandes cambios que atravesaron como familia: \u201cEn nuestra vida siempre fuimos nosotros dos y en un a\u00f1o pasamos a vivir con Mat\u00edas, a que tambi\u00e9n haya un beb\u00e9, nos mudamos\u2026 es mucha informaci\u00f3n\u201d.<\/p>\n\n\n\n<p>Aunquea\u00fan le faltaban detalles por completar en la habitaci\u00f3n del beb\u00e9, Bar\u00f3n aclar\u00f3 que su prioridad estaba clara: \u201cLo principal es el beb\u00e9, que va a tener una mam\u00e1 como yo, que va a estar ah\u00ed aliment\u00e1ndolo cuando quiera, y eso es lo que necesita\u201d.<\/p>\n\n\n\n<p>Un nombre con personalidad<\/p>\n\n\n\n<p>El nombre Aurelio sorprendi\u00f3 por no ser com\u00fan en la far\u00e1ndula local. De ra\u00edces latinas, significa \u201cel dorado\u201d o \u201cresplandeciente\u201d. Muchos usuarios en redes sociales destacaron la originalidad del nombre, mientras que otros lo relacionaron con una est\u00e9tica retro y cl\u00e1sica que gana cada vez m\u00e1s adeptos entre las nuevas generaciones de padres.<\/p>\n\n\n\n<p>Por ahora, Jimena Bar\u00f3n no public\u00f3 en sus redes una foto oficial del reci\u00e9n nacido, pero se espera que en los pr\u00f3ximos d\u00edas comparta las primeras im\u00e1genes de Aurelio, como ya lo hizo en otras etapas importantes de su vida.<\/p>\n","protected":false},"excerpt":{"rendered":"<p>La actriz dio a luz antes de la fecha prevista. La noticia fue confirmada por Yanina Latorre y sorprendi\u00f3 el nombre elegido para el beb\u00e9: Aurelio. Luego de semanas de expectativa, Jimena Bar\u00f3n se convirti\u00f3 en madre por segunda vez. La actriz y cantante dio a luz a su primer hijo con Mat\u00edas Palleiro, su [&hellip;]<\/p>\n","protected":false},"author":2,"featured_media":17114,"comment_status":"open","ping_status":"open","sticky":false,"template":"","format":"standard","meta":{"footnotes":""},"categories":[15],"tags":[],"_links":{"self":[{"href":"https:\/\/enlamira.info\/index.php\/wp-json\/wp\/v2\/posts\/17111"}],"collection":[{"href":"https:\/\/enlamira.info\/index.php\/wp-json\/wp\/v2\/posts"}],"about":[{"href":"https:\/\/enlamira.info\/index.php\/wp-json\/wp\/v2\/types\/post"}],"author":[{"embeddable":true,"href":"https:\/\/enlamira.info\/index.php\/wp-json\/wp\/v2\/users\/2"}],"replies":[{"embeddable":true,"href":"https:\/\/enlamira.info\/index.php\/wp-json\/wp\/v2\/comments?post=17111"}],"version-history":[{"count":1,"href":"https:\/\/enlamira.info\/index.php\/wp-json\/wp\/v2\/posts\/17111\/revisions"}],"predecessor-version":[{"id":17115,"href":"https:\/\/enlamira.info\/index.php\/wp-json\/wp\/v2\/posts\/17111\/revisions\/17115"}],"wp:featuredmedia":[{"embeddable":true,"href":"https:\/\/enlamira.info\/index.php\/wp-json\/wp\/v2\/media\/17114"}],"wp:attachment":[{"href":"https:\/\/enlamira.info\/index.php\/wp-json\/wp\/v2\/media?parent=17111"}],"wp:term":[{"taxonomy":"category","embeddable":true,"href":"https:\/\/enlamira.info\/index.php\/wp-json\/wp\/v2\/categories?post=17111"},{"taxonomy":"post_tag","embeddable":true,"href":"https:\/\/enlamira.info\/index.php\/wp-json\/wp\/v2\/tags?post=17111"}],"curies":[{"name":"wp","href":"https:\/\/api.w.org\/{rel}","templated":true}]}}