{"id":17050,"date":"2025-06-12T11:45:44","date_gmt":"2025-06-12T14:45:44","guid":{"rendered":"https:\/\/enlamira.info\/?p=17050"},"modified":"2025-06-14T14:58:13","modified_gmt":"2025-06-14T17:58:13","slug":"bernal-los-propios-vecinos-se-asfaltaron-su-calle","status":"publish","type":"post","link":"https:\/\/enlamira.info\/index.php\/2025\/06\/12\/bernal-los-propios-vecinos-se-asfaltaron-su-calle\/","title":{"rendered":"Bernal: los propios vecinos se asfaltaron su calle"},"content":{"rendered":"\n<p><strong>Barraca Cambaceres: Uni\u00f3n Vecinal y Trabajo para Transformar el Barrio<\/strong><br><em>Entrevista con Claudio, vecino de Bernal, en &#8220;La Voz del Vecino&#8221;, el programa de Marcelo Brunwald, que se emite por <a href=\"http:\/\/www.impactosur.com.ar\">www.impactosur.com.ar<\/a> de martes a viernes de 10 a 12 hs.<\/em><\/p>\n\n\n\n<figure class=\"wp-block-image size-full\"><img loading=\"lazy\" decoding=\"async\" width=\"513\" height=\"640\" src=\"https:\/\/enlamira.info\/wp-content\/uploads\/2025\/06\/270101125_1647714382233345_2028235190320487826_n.jpg\" alt=\"\" class=\"wp-image-17132\" srcset=\"https:\/\/enlamira.info\/wp-content\/uploads\/2025\/06\/270101125_1647714382233345_2028235190320487826_n.jpg 513w, https:\/\/enlamira.info\/wp-content\/uploads\/2025\/06\/270101125_1647714382233345_2028235190320487826_n-240x300.jpg 240w\" sizes=\"(max-width: 513px) 100vw, 513px\" \/><\/figure>\n\n\n\n<figure class=\"wp-block-image size-full\"><img loading=\"lazy\" decoding=\"async\" width=\"513\" height=\"383\" src=\"https:\/\/enlamira.info\/wp-content\/uploads\/2025\/06\/bernal1.jpg\" alt=\"\" class=\"wp-image-17133\" srcset=\"https:\/\/enlamira.info\/wp-content\/uploads\/2025\/06\/bernal1.jpg 513w, https:\/\/enlamira.info\/wp-content\/uploads\/2025\/06\/bernal1-300x224.jpg 300w\" sizes=\"(max-width: 513px) 100vw, 513px\" \/><\/figure>\n\n\n\n<figure class=\"wp-block-image size-full\"><img loading=\"lazy\" decoding=\"async\" width=\"515\" height=\"539\" src=\"https:\/\/enlamira.info\/wp-content\/uploads\/2025\/06\/bernal2.jpg\" alt=\"\" class=\"wp-image-17134\" srcset=\"https:\/\/enlamira.info\/wp-content\/uploads\/2025\/06\/bernal2.jpg 515w, https:\/\/enlamira.info\/wp-content\/uploads\/2025\/06\/bernal2-287x300.jpg 287w\" sizes=\"(max-width: 515px) 100vw, 515px\" \/><\/figure>\n\n\n\n<figure class=\"wp-block-image size-full\"><img loading=\"lazy\" decoding=\"async\" width=\"507\" height=\"379\" src=\"https:\/\/enlamira.info\/wp-content\/uploads\/2025\/06\/bernal3.jpg\" alt=\"\" class=\"wp-image-17135\" srcset=\"https:\/\/enlamira.info\/wp-content\/uploads\/2025\/06\/bernal3.jpg 507w, https:\/\/enlamira.info\/wp-content\/uploads\/2025\/06\/bernal3-300x224.jpg 300w\" sizes=\"(max-width: 507px) 100vw, 507px\" \/><\/figure>\n\n\n\n<p><strong>Cuando el hartazgo se convierte en acci\u00f3n<\/strong><br>Barraca Cambaceres, ubicado en <strong>Avenida Lynch y 172 bis, continuaci\u00f3n de Casacuberta<\/strong>, es el ejemplo de lo que sucede cuando la comunidad decide tomar el futuro en sus manos. Cansados de promesas incumplidas y de esperar soluciones que nunca llegaron, un grupo de vecinos comenz\u00f3 a mejorar el barrio sin depender de los funcionarios.<\/p>\n\n\n\n<p><strong>Hacer el propio asfalto sin saber del tema<\/strong><br>\u201cNos organizamos entre todos y los s\u00e1bados y domingos ponemos manos a la obra,\u201d explica Claudio, vecino de Bernal y parte de este movimiento vecinal. Sin experiencia previa, pero con determinaci\u00f3n, comenzaron a colocar su propio asfalto, reparar ca\u00f1er\u00edas y mejorar los espacios p\u00fablicos. Cada vecino aporta lo que puede: materiales, tiempo y esfuerzo.<\/p>\n\n\n\n<p><strong>El progreso que nace de la uni\u00f3n<\/strong><br>Lo que comenz\u00f3 como una necesidad, se convirti\u00f3 en un s\u00edmbolo de unidad. \u201cAc\u00e1 no hay diferencias, somos todos laburantes: paraguayos, argentinos, todos trabajamos y nos ayudamos,\u201d dice Claudio. En Barraca Cambaceres, la comunidad demuestra que el progreso no depende de pol\u00edticos, sino de la voluntad de quienes est\u00e1n dispuestos a construirlo.<\/p>\n\n\n\n<p><strong>Un mensaje claro: s\u00ed se puede<\/strong><br>Este barrio es la prueba de que el cambio es posible cuando hay organizaci\u00f3n y compromiso. \u201cNo necesitamos ni de Martiniano ni de Mayra. Nosotros mismos hacemos lo que nunca hicieron por nosotros,\u201d afirma Claudio. Barraca Cambaceres est\u00e1 transformando su realidad, demostrando que, cuando la comunidad se une, no hay obst\u00e1culo que no se pueda superar.<\/p>\n\n\n\n<figure class=\"wp-block-embed is-type-video is-provider-youtube wp-block-embed-youtube wp-embed-aspect-16-9 wp-has-aspect-ratio\"><div class=\"wp-block-embed__wrapper\">\n<iframe loading=\"lazy\" title=\"Bernal: Cuando el Estado No Est\u00e1, los Vecinos Se Organizan\" width=\"640\" height=\"360\" src=\"https:\/\/www.youtube.com\/embed\/YCWAhCjuNJY?feature=oembed\" frameborder=\"0\" allow=\"accelerometer; autoplay; clipboard-write; encrypted-media; gyroscope; picture-in-picture; web-share\" referrerpolicy=\"strict-origin-when-cross-origin\" allowfullscreen><\/iframe>\n<\/div><\/figure>\n","protected":false},"excerpt":{"rendered":"<p>Barraca Cambaceres: Uni\u00f3n Vecinal y Trabajo para Transformar el BarrioEntrevista con Claudio, vecino de Bernal, en &#8220;La Voz del Vecino&#8221;, el programa de Marcelo Brunwald, que se emite por www.impactosur.com.ar de martes a viernes de 10 a 12 hs. Cuando el hartazgo se convierte en acci\u00f3nBarraca Cambaceres, ubicado en Avenida Lynch y 172 bis, continuaci\u00f3n [&hellip;]<\/p>\n","protected":false},"author":2,"featured_media":17054,"comment_status":"open","ping_status":"open","sticky":false,"template":"","format":"standard","meta":{"footnotes":""},"categories":[1],"tags":[],"_links":{"self":[{"href":"https:\/\/enlamira.info\/index.php\/wp-json\/wp\/v2\/posts\/17050"}],"collection":[{"href":"https:\/\/enlamira.info\/index.php\/wp-json\/wp\/v2\/posts"}],"about":[{"href":"https:\/\/enlamira.info\/index.php\/wp-json\/wp\/v2\/types\/post"}],"author":[{"embeddable":true,"href":"https:\/\/enlamira.info\/index.php\/wp-json\/wp\/v2\/users\/2"}],"replies":[{"embeddable":true,"href":"https:\/\/enlamira.info\/index.php\/wp-json\/wp\/v2\/comments?post=17050"}],"version-history":[{"count":3,"href":"https:\/\/enlamira.info\/index.php\/wp-json\/wp\/v2\/posts\/17050\/revisions"}],"predecessor-version":[{"id":17136,"href":"https:\/\/enlamira.info\/index.php\/wp-json\/wp\/v2\/posts\/17050\/revisions\/17136"}],"wp:featuredmedia":[{"embeddable":true,"href":"https:\/\/enlamira.info\/index.php\/wp-json\/wp\/v2\/media\/17054"}],"wp:attachment":[{"href":"https:\/\/enlamira.info\/index.php\/wp-json\/wp\/v2\/media?parent=17050"}],"wp:term":[{"taxonomy":"category","embeddable":true,"href":"https:\/\/enlamira.info\/index.php\/wp-json\/wp\/v2\/categories?post=17050"},{"taxonomy":"post_tag","embeddable":true,"href":"https:\/\/enlamira.info\/index.php\/wp-json\/wp\/v2\/tags?post=17050"}],"curies":[{"name":"wp","href":"https:\/\/api.w.org\/{rel}","templated":true}]}}