{"id":17049,"date":"2025-06-12T12:26:15","date_gmt":"2025-06-12T15:26:15","guid":{"rendered":"https:\/\/enlamira.info\/?p=17049"},"modified":"2025-06-12T13:42:20","modified_gmt":"2025-06-12T16:42:20","slug":"la-comunidad-caboverdiana-en-dock-sud-raices-que-construyen-avellaneda","status":"publish","type":"post","link":"https:\/\/enlamira.info\/index.php\/2025\/06\/12\/la-comunidad-caboverdiana-en-dock-sud-raices-que-construyen-avellaneda\/","title":{"rendered":"La Comunidad Caboverdiana en Dock Sud: Ra\u00edces que Construyen Avellaneda"},"content":{"rendered":"\n<hr class=\"wp-block-separator has-alpha-channel-opacity\"\/>\n\n\n\n<p><strong>La Comunidad Caboverdiana en Dock Sud: Ra\u00edces que Construyen Avellaneda<\/strong><br><em>La Voz del Vecino, el programa de Marcelo Brunwald, que se emite por <a href=\"http:\/\/www.impactosur.com.ar\">www.impactosur.com.ar<\/a> de martes a viernes de 10 a 12 hs, recordamos una entrevista a Alberto Vicente D\u00edaz, c\u00f3nsul honorario de Cabo Verde y representante de la comunidad caboverdiana en Argentina.<\/em><\/p>\n\n\n\n<p><strong>Una historia de inmigraci\u00f3n y fraternidad<\/strong><br>Desde hace d\u00e9cadas, Avellaneda ha sido el hogar de numerosas familias caboverdianas que llegaron al pa\u00eds buscando trabajo y oportunidades. \u201cCabo Verde es un pa\u00eds de emigraci\u00f3n constante, hoy tiene alrededor de 120.000 habitantes, pero en el mundo hay m\u00e1s de 2 millones de caboverdianos,\u201d explica Alberto Vicente D\u00edaz, hijo de inmigrantes y c\u00f3nsul honorario desde 1994.<\/p>\n\n\n\n<p><strong>Dock Sud, un centro clave para la comunidad<\/strong><br>Hist\u00f3ricamente, la comunidad caboverdiana se asent\u00f3 en la zona sur del conurbano, especialmente en Dock Sud, debido a su cercan\u00eda con el puerto y la Isla de Marchi. Muchos caboverdianos llegaron en barcos, algunos como trabajadores, otros como polizones que buscaban un futuro mejor. \u201cEl puerto de Buenos Aires era la entrada a una nueva vida, y Dock Sud se convirti\u00f3 en un n\u00facleo de familias que se ayudaban unas a otras,\u201d recuerda Alberto.<\/p>\n\n\n\n<p><strong>Tradici\u00f3n, cultura y una comunidad unida<\/strong><br>La identidad caboverdiana en Argentina no solo est\u00e1 marcada por el trabajo, sino por una fuerte fraternidad y apego a sus ra\u00edces. \u201cNo importa en qu\u00e9 lugar del pa\u00eds estemos, los caboverdianos nos reconocemos y ayudamos mutuamente,\u201d dice Alberto. La m\u00fasica, la gastronom\u00eda y el sentido de comunidad han sido fundamentales para mantener vivas sus tradiciones.<\/p>\n\n\n\n<p><strong>Una contribuci\u00f3n fundamental a Argentina<\/strong><br>Muchos caboverdianos trabajaron en la navegaci\u00f3n y el comercio, contribuyendo al desarrollo del pa\u00eds. \u201cMi padre fue navegante, como muchos otros que ayudaron a impulsar la flota argentina. Otros, como Adriano Rocha, se convirtieron en comerciantes y ciudadanos influyentes en Avellaneda,\u201d destaca Alberto.<\/p>\n\n\n\n<p><strong>El futuro de la comunidad<\/strong><br>Hoy, las nuevas generaciones buscan integrarse en la sociedad argentina sin perder sus ra\u00edces. \u201cEl caboverdiano siempre piensa en volver a su pa\u00eds y ayudar a su gente. Hay un fuerte sentido de fraternidad y compromiso con nuestras ra\u00edces,\u201d concluye el c\u00f3nsul.<\/p>\n\n\n\n<figure class=\"wp-block-embed is-type-video is-provider-youtube wp-block-embed-youtube wp-embed-aspect-16-9 wp-has-aspect-ratio\"><div class=\"wp-block-embed__wrapper\">\n<iframe loading=\"lazy\" title=\"La Comunidad Caboverdiana en Dock Sud: Ra\u00edces que Construyen Avellaneda\" width=\"640\" height=\"360\" src=\"https:\/\/www.youtube.com\/embed\/ou-Nd7m7wxg?feature=oembed\" frameborder=\"0\" allow=\"accelerometer; autoplay; clipboard-write; encrypted-media; gyroscope; picture-in-picture; web-share\" referrerpolicy=\"strict-origin-when-cross-origin\" allowfullscreen><\/iframe>\n<\/div><\/figure>\n","protected":false},"excerpt":{"rendered":"<p>La Comunidad Caboverdiana en Dock Sud: Ra\u00edces que Construyen AvellanedaLa Voz del Vecino, el programa de Marcelo Brunwald, que se emite por www.impactosur.com.ar de martes a viernes de 10 a 12 hs, recordamos una entrevista a Alberto Vicente D\u00edaz, c\u00f3nsul honorario de Cabo Verde y representante de la comunidad caboverdiana en Argentina. Una historia de [&hellip;]<\/p>\n","protected":false},"author":2,"featured_media":17056,"comment_status":"open","ping_status":"open","sticky":false,"template":"","format":"standard","meta":{"footnotes":""},"categories":[1],"tags":[1836],"_links":{"self":[{"href":"https:\/\/enlamira.info\/index.php\/wp-json\/wp\/v2\/posts\/17049"}],"collection":[{"href":"https:\/\/enlamira.info\/index.php\/wp-json\/wp\/v2\/posts"}],"about":[{"href":"https:\/\/enlamira.info\/index.php\/wp-json\/wp\/v2\/types\/post"}],"author":[{"embeddable":true,"href":"https:\/\/enlamira.info\/index.php\/wp-json\/wp\/v2\/users\/2"}],"replies":[{"embeddable":true,"href":"https:\/\/enlamira.info\/index.php\/wp-json\/wp\/v2\/comments?post=17049"}],"version-history":[{"count":2,"href":"https:\/\/enlamira.info\/index.php\/wp-json\/wp\/v2\/posts\/17049\/revisions"}],"predecessor-version":[{"id":17060,"href":"https:\/\/enlamira.info\/index.php\/wp-json\/wp\/v2\/posts\/17049\/revisions\/17060"}],"wp:featuredmedia":[{"embeddable":true,"href":"https:\/\/enlamira.info\/index.php\/wp-json\/wp\/v2\/media\/17056"}],"wp:attachment":[{"href":"https:\/\/enlamira.info\/index.php\/wp-json\/wp\/v2\/media?parent=17049"}],"wp:term":[{"taxonomy":"category","embeddable":true,"href":"https:\/\/enlamira.info\/index.php\/wp-json\/wp\/v2\/categories?post=17049"},{"taxonomy":"post_tag","embeddable":true,"href":"https:\/\/enlamira.info\/index.php\/wp-json\/wp\/v2\/tags?post=17049"}],"curies":[{"name":"wp","href":"https:\/\/api.w.org\/{rel}","templated":true}]}}