{"id":17044,"date":"2025-06-11T22:55:07","date_gmt":"2025-06-12T01:55:07","guid":{"rendered":"https:\/\/enlamira.info\/?p=17044"},"modified":"2025-06-12T14:04:42","modified_gmt":"2025-06-12T17:04:42","slug":"el-vecino-el-alma-del-barrio","status":"publish","type":"post","link":"https:\/\/enlamira.info\/index.php\/2025\/06\/11\/el-vecino-el-alma-del-barrio\/","title":{"rendered":"El vecino: el alma del barrio"},"content":{"rendered":"\n<p>En cada rinc\u00f3n de Avellaneda y la zona sur, hay historias que no salen en los diarios pero que construyen la verdadera identidad de un barrio. El vecino es mucho m\u00e1s que quien vive al lado; es el que abre la puerta cuando hace falta, el que comparte un mate en la vereda, el que est\u00e1 cuando las papas queman.<\/p>\n\n\n\n<p>Llevo m\u00e1s de 20 a\u00f1os recorriendo estos barrios, conociendo a sus vecinos, a sus hijos, sus luchas y sus sue\u00f1os. He visto c\u00f3mo la solidaridad se hace presente en los momentos m\u00e1s dif\u00edciles: cuando falta el trabajo, cuando la salud aprieta, cuando el fin de mes se hace eterno. Y ah\u00ed est\u00e1 el vecino, con un paquete de fideos, con un poco de yerba, con una palabra de aliento.<\/p>\n\n\n\n<p>Hay noches en las que el tel\u00e9fono suena a las 3 de la ma\u00f1ana porque alguien necesita ayuda urgente. Hay d\u00edas en los que un pibe del barrio sue\u00f1a con ser futbolista y necesita que alguien lo escuche. Hay tardes en las que un vecino solo quiere compa\u00f1\u00eda, un caf\u00e9 y el silencio compartido.<\/p>\n\n\n\n<p>El barrio no es solo calles y casas, es la gente que lo habita. Es la red invisible que sostiene la identidad, el calor humano que hace que todo valga la pena. Porque la verdadera riqueza de un barrio no est\u00e1 en sus construcciones, sino en la solidaridad de su gente.<\/p>\n\n\n\n<p>Hoy, en el D\u00eda del Vecino, celebramos a todos los que hacen de cada cuadra un hogar, de cada esquina un punto de encuentro, de cada gesto una muestra de humanidad. Porque sin vecinos, no hay barrio.<\/p>\n\n\n\n<p>#D\u00edaDelVecino #LaVozDelVecino #MultimedioEnLaMira #ZonaSur #Avellaneda #SolidaridadBarrial<\/p>\n\n\n\n<p>Por Marcelo Br\u00fanwald<\/p>\n\n\n\n<p>Director Multimedio En La Mira \/ ImpactoSur<\/p>\n\n\n\n<figure class=\"wp-block-embed is-type-video is-provider-youtube wp-block-embed-youtube wp-embed-aspect-16-9 wp-has-aspect-ratio\"><div class=\"wp-block-embed__wrapper\">\n<iframe loading=\"lazy\" title=\"Editorial   Dia del Vecino\" width=\"640\" height=\"360\" src=\"https:\/\/www.youtube.com\/embed\/WM-akheurX8?feature=oembed\" frameborder=\"0\" allow=\"accelerometer; autoplay; clipboard-write; encrypted-media; gyroscope; picture-in-picture; web-share\" referrerpolicy=\"strict-origin-when-cross-origin\" allowfullscreen><\/iframe>\n<\/div><\/figure>\n","protected":false},"excerpt":{"rendered":"<p>En cada rinc\u00f3n de Avellaneda y la zona sur, hay historias que no salen en los diarios pero que construyen la verdadera identidad de un barrio. El vecino es mucho m\u00e1s que quien vive al lado; es el que abre la puerta cuando hace falta, el que comparte un mate en la vereda, el que [&hellip;]<\/p>\n","protected":false},"author":2,"featured_media":17045,"comment_status":"open","ping_status":"open","sticky":false,"template":"","format":"standard","meta":{"footnotes":""},"categories":[1],"tags":[],"_links":{"self":[{"href":"https:\/\/enlamira.info\/index.php\/wp-json\/wp\/v2\/posts\/17044"}],"collection":[{"href":"https:\/\/enlamira.info\/index.php\/wp-json\/wp\/v2\/posts"}],"about":[{"href":"https:\/\/enlamira.info\/index.php\/wp-json\/wp\/v2\/types\/post"}],"author":[{"embeddable":true,"href":"https:\/\/enlamira.info\/index.php\/wp-json\/wp\/v2\/users\/2"}],"replies":[{"embeddable":true,"href":"https:\/\/enlamira.info\/index.php\/wp-json\/wp\/v2\/comments?post=17044"}],"version-history":[{"count":2,"href":"https:\/\/enlamira.info\/index.php\/wp-json\/wp\/v2\/posts\/17044\/revisions"}],"predecessor-version":[{"id":17063,"href":"https:\/\/enlamira.info\/index.php\/wp-json\/wp\/v2\/posts\/17044\/revisions\/17063"}],"wp:featuredmedia":[{"embeddable":true,"href":"https:\/\/enlamira.info\/index.php\/wp-json\/wp\/v2\/media\/17045"}],"wp:attachment":[{"href":"https:\/\/enlamira.info\/index.php\/wp-json\/wp\/v2\/media?parent=17044"}],"wp:term":[{"taxonomy":"category","embeddable":true,"href":"https:\/\/enlamira.info\/index.php\/wp-json\/wp\/v2\/categories?post=17044"},{"taxonomy":"post_tag","embeddable":true,"href":"https:\/\/enlamira.info\/index.php\/wp-json\/wp\/v2\/tags?post=17044"}],"curies":[{"name":"wp","href":"https:\/\/api.w.org\/{rel}","templated":true}]}}