{"id":17031,"date":"2025-06-11T13:57:28","date_gmt":"2025-06-11T16:57:28","guid":{"rendered":"https:\/\/enlamira.info\/?p=17031"},"modified":"2025-06-11T20:19:22","modified_gmt":"2025-06-11T23:19:22","slug":"vecinos-indignados-por-el-cobro-de-estacionamiento-en-alto-avellaneda","status":"publish","type":"post","link":"https:\/\/enlamira.info\/index.php\/2025\/06\/11\/vecinos-indignados-por-el-cobro-de-estacionamiento-en-alto-avellaneda\/","title":{"rendered":"vecinos indignados por el cobro de estacionamiento en alto avellaneda"},"content":{"rendered":"\n<h3 class=\"wp-block-heading\"><strong>denuncian falta de informaci\u00f3n y problemas de tr\u00e1nsito en la zona<\/strong><\/h3>\n\n\n\n<p>el cobro de estacionamiento en el shopping alto avellaneda ha generado malestar entre los vecinos, quienes aseguran que la medida <strong>no fue comunicada adecuadamente<\/strong> y ha provocado inconvenientes para quienes visitan el centro comercial.<\/p>\n\n\n\n<p>jorge, vecino de villa dom\u00ednico, relat\u00f3 su experiencia en <em>la voz del vecino<\/em>, programa que se emite de martes a viernes de 10 a 12 hs por <a href=\"https:\/\/www.impactosur.com.ar\">impacto sur<\/a>. &#8220;fui al shopping como siempre, estacion\u00e9 y al salir me encontr\u00e9 con que ten\u00eda que pagar. nadie me avis\u00f3, no hab\u00eda carteles, y me dijeron que deb\u00eda bajar una aplicaci\u00f3n para hacerlo&#8221;, explic\u00f3.<\/p>\n\n\n\n<p>seg\u00fan los vecinos, la medida responde a la saturaci\u00f3n del estacionamiento en d\u00edas de partido de racing e independiente, pero <strong>no se inform\u00f3 con anticipaci\u00f3n<\/strong>, lo que gener\u00f3 confusi\u00f3n y malestar. &#8220;me sent\u00ed encerrado, como si estuviera privado de mi libertad. nadie nos avis\u00f3 nada&#8221;, agreg\u00f3 jorge.<\/p>\n\n\n\n<p>la falta de comunicaci\u00f3n ha llevado a que muchos opten por estacionar en calles cercanas, lo que ha provocado <strong>problemas de tr\u00e1nsito y ocupaci\u00f3n de entradas de viviendas<\/strong>. &#8220;las calles est\u00e1n llenas de autos, y esto va a traer problemas con robos y la presencia de trapitos&#8221;, advirti\u00f3 otro vecino.<\/p>\n\n\n\n<p>adem\u00e1s, se cuestiona la dificultad que representa el sistema de pago para <strong>personas mayores o quienes no manejan aplicaciones m\u00f3viles<\/strong>. &#8220;no todos entendemos c\u00f3mo usar una app, y ahora resulta que si no la ten\u00e9s, no pod\u00e9s salir&#8221;, lament\u00f3 jorge.<\/p>\n\n\n\n<p>los vecinos piden <strong>una mejor comunicaci\u00f3n y alternativas de pago m\u00e1s accesibles<\/strong>, adem\u00e1s de una soluci\u00f3n para el impacto que la medida ha tenido en el tr\u00e1nsito y la seguridad de la zona.<\/p>\n\n\n\n<p>si necesitas ajustes en el tono o enfoque de la nota, dime c\u00f3mo puedo ayudarte.<\/p>\n\n\n\n<figure class=\"wp-block-embed is-type-video is-provider-youtube wp-block-embed-youtube wp-embed-aspect-16-9 wp-has-aspect-ratio\"><div class=\"wp-block-embed__wrapper\">\n<iframe loading=\"lazy\" title=\"vecinos indignados por el cobro de estacionamiento en alto avellaneda\" width=\"640\" height=\"360\" src=\"https:\/\/www.youtube.com\/embed\/jWyq46Y5Y5k?feature=oembed\" frameborder=\"0\" allow=\"accelerometer; autoplay; clipboard-write; encrypted-media; gyroscope; picture-in-picture; web-share\" referrerpolicy=\"strict-origin-when-cross-origin\" allowfullscreen><\/iframe>\n<\/div><\/figure>\n","protected":false},"excerpt":{"rendered":"<p>denuncian falta de informaci\u00f3n y problemas de tr\u00e1nsito en la zona el cobro de estacionamiento en el shopping alto avellaneda ha generado malestar entre los vecinos, quienes aseguran que la medida no fue comunicada adecuadamente y ha provocado inconvenientes para quienes visitan el centro comercial. jorge, vecino de villa dom\u00ednico, relat\u00f3 su experiencia en la [&hellip;]<\/p>\n","protected":false},"author":2,"featured_media":17032,"comment_status":"open","ping_status":"open","sticky":false,"template":"","format":"standard","meta":{"footnotes":""},"categories":[1],"tags":[],"_links":{"self":[{"href":"https:\/\/enlamira.info\/index.php\/wp-json\/wp\/v2\/posts\/17031"}],"collection":[{"href":"https:\/\/enlamira.info\/index.php\/wp-json\/wp\/v2\/posts"}],"about":[{"href":"https:\/\/enlamira.info\/index.php\/wp-json\/wp\/v2\/types\/post"}],"author":[{"embeddable":true,"href":"https:\/\/enlamira.info\/index.php\/wp-json\/wp\/v2\/users\/2"}],"replies":[{"embeddable":true,"href":"https:\/\/enlamira.info\/index.php\/wp-json\/wp\/v2\/comments?post=17031"}],"version-history":[{"count":2,"href":"https:\/\/enlamira.info\/index.php\/wp-json\/wp\/v2\/posts\/17031\/revisions"}],"predecessor-version":[{"id":17037,"href":"https:\/\/enlamira.info\/index.php\/wp-json\/wp\/v2\/posts\/17031\/revisions\/17037"}],"wp:featuredmedia":[{"embeddable":true,"href":"https:\/\/enlamira.info\/index.php\/wp-json\/wp\/v2\/media\/17032"}],"wp:attachment":[{"href":"https:\/\/enlamira.info\/index.php\/wp-json\/wp\/v2\/media?parent=17031"}],"wp:term":[{"taxonomy":"category","embeddable":true,"href":"https:\/\/enlamira.info\/index.php\/wp-json\/wp\/v2\/categories?post=17031"},{"taxonomy":"post_tag","embeddable":true,"href":"https:\/\/enlamira.info\/index.php\/wp-json\/wp\/v2\/tags?post=17031"}],"curies":[{"name":"wp","href":"https:\/\/api.w.org\/{rel}","templated":true}]}}