{"id":17021,"date":"2025-06-11T13:15:31","date_gmt":"2025-06-11T16:15:31","guid":{"rendered":"https:\/\/enlamira.info\/?p=17021"},"modified":"2025-06-11T13:15:31","modified_gmt":"2025-06-11T16:15:31","slug":"tras-la-condena-por-corrupcion-cristina-kirchner-pidio-la-domiciliaria-y-no-usar-tobillera","status":"publish","type":"post","link":"https:\/\/enlamira.info\/index.php\/2025\/06\/11\/tras-la-condena-por-corrupcion-cristina-kirchner-pidio-la-domiciliaria-y-no-usar-tobillera\/","title":{"rendered":"Tras la condena por corrupci\u00f3n, Cristina Kirchner pidi\u00f3 la domiciliaria y no usar tobillera"},"content":{"rendered":"\n<p>Entre los argumentos est\u00e1n la edad y el intento de homicidio. Solicit\u00f3 cumplir la condena en su departamento de la calle San Jos\u00e9 porque sostuvo que una c\u00e1rcel \u201cde manera alguna es compatible con los recaudos de seguridad\u201d.<\/p>\n\n\n\n<p>La expresidente Cristina Kirchner pidi\u00f3 cumplir su condena de seis a\u00f1os de prisi\u00f3n en la causa Vialidad en prisi\u00f3n domiciliaria y sin usar una tobillera electr\u00f3nica.<\/p>\n\n\n\n<p>Sus abogados, Alberto Beraldi y Ary Llernovoy, se\u00f1alaron tres motivos principales: su rol como expresidenta que requiere una especial seguridad, su intento de homicidio en 2022 y su edad, 72 a\u00f1os.<\/p>\n\n\n\n<p>Fue un escrito de 13 p\u00e1ginas que presentaron en el Tribunal Oral Federal N\u00b02 luego que la Corte Suprema de Justicia de la Naci\u00f3n confirm\u00f3 este martes por la tarde la condena.<\/p>\n\n\n\n<p>El lugar elegido seg\u00fan indic\u00f3 la defensa es el edificio de la calle San Jos\u00e9 1111, en el barrio porte\u00f1o de Constituci\u00f3n, donde vive actualmente.<\/p>\n\n\n\n<p>Remarcaron que como mandataria argentina tuvo \u201cinformaci\u00f3n de car\u00e1cter secreto o bien confidencial\u201d, por lo que debe tener una custodia especial de la Polic\u00eda Federal.<\/p>\n\n\n\n<p>\u201cResulta incontrovertible que en el caso de Cristina Fern\u00e1ndez de Kirchner, el cumplimiento de una pena privativa de libertad s\u00f3lo puede ser llevado a cabo bajo la modalidad de detenci\u00f3n domiciliaria. Ello as\u00ed, pues su alojamiento en una instituci\u00f3n carcelaria de manera alguna es compatible con los recaudos de seguridad que deben serle garantizados a una persona que se encuentra en la situaci\u00f3n de nuestra asistida\u201d, sostuvieron.<\/p>\n\n\n\n<p>Y agregaron: \u201clas condiciones de seguridad que deber\u00edan ser impuestas a Cristina Fern\u00e1ndez de Kirchner dentro de una instituci\u00f3n carcelaria conllevan a eliminar la posibilidad de que la ex Presidenta de la Naci\u00f3n comparta lugares comunes con otros internos y que sea sometida a un sistema de supervisi\u00f3n continua. En otras palabras, se le deber\u00eda imponer a nuestra defendida un r\u00e9gimen de aislamiento absoluto y de vigilancia permanente, medidas que resultan incompatibles con los est\u00e1ndares constitucionales y convencionales que rigen en materia de ejecuci\u00f3n penal, los cuales proh\u00edben que las personas privadas de su libertad ambulatoria sean sometidas a tratos crueles o inhumanos\u201d.<\/p>\n","protected":false},"excerpt":{"rendered":"<p>Entre los argumentos est\u00e1n la edad y el intento de homicidio. Solicit\u00f3 cumplir la condena en su departamento de la calle San Jos\u00e9 porque sostuvo que una c\u00e1rcel \u201cde manera alguna es compatible con los recaudos de seguridad\u201d. La expresidente Cristina Kirchner pidi\u00f3 cumplir su condena de seis a\u00f1os de prisi\u00f3n en la causa Vialidad [&hellip;]<\/p>\n","protected":false},"author":2,"featured_media":17027,"comment_status":"open","ping_status":"open","sticky":false,"template":"","format":"standard","meta":{"footnotes":""},"categories":[20],"tags":[],"_links":{"self":[{"href":"https:\/\/enlamira.info\/index.php\/wp-json\/wp\/v2\/posts\/17021"}],"collection":[{"href":"https:\/\/enlamira.info\/index.php\/wp-json\/wp\/v2\/posts"}],"about":[{"href":"https:\/\/enlamira.info\/index.php\/wp-json\/wp\/v2\/types\/post"}],"author":[{"embeddable":true,"href":"https:\/\/enlamira.info\/index.php\/wp-json\/wp\/v2\/users\/2"}],"replies":[{"embeddable":true,"href":"https:\/\/enlamira.info\/index.php\/wp-json\/wp\/v2\/comments?post=17021"}],"version-history":[{"count":1,"href":"https:\/\/enlamira.info\/index.php\/wp-json\/wp\/v2\/posts\/17021\/revisions"}],"predecessor-version":[{"id":17028,"href":"https:\/\/enlamira.info\/index.php\/wp-json\/wp\/v2\/posts\/17021\/revisions\/17028"}],"wp:featuredmedia":[{"embeddable":true,"href":"https:\/\/enlamira.info\/index.php\/wp-json\/wp\/v2\/media\/17027"}],"wp:attachment":[{"href":"https:\/\/enlamira.info\/index.php\/wp-json\/wp\/v2\/media?parent=17021"}],"wp:term":[{"taxonomy":"category","embeddable":true,"href":"https:\/\/enlamira.info\/index.php\/wp-json\/wp\/v2\/categories?post=17021"},{"taxonomy":"post_tag","embeddable":true,"href":"https:\/\/enlamira.info\/index.php\/wp-json\/wp\/v2\/tags?post=17021"}],"curies":[{"name":"wp","href":"https:\/\/api.w.org\/{rel}","templated":true}]}}