{"id":17020,"date":"2025-06-11T13:13:15","date_gmt":"2025-06-11T16:13:15","guid":{"rendered":"https:\/\/enlamira.info\/?p=17020"},"modified":"2025-06-11T13:13:15","modified_gmt":"2025-06-11T16:13:15","slug":"la-reaccion-del-gobierno-a-la-condena-de-cristina-no-esta-proscripta-por-voluntad-politica-sino-porque-cometio-ilicitos","status":"publish","type":"post","link":"https:\/\/enlamira.info\/index.php\/2025\/06\/11\/la-reaccion-del-gobierno-a-la-condena-de-cristina-no-esta-proscripta-por-voluntad-politica-sino-porque-cometio-ilicitos\/","title":{"rendered":"La reacci\u00f3n del Gobierno a la condena de Cristina: \u201cNo est\u00e1 proscripta por voluntad pol\u00edtica, sino porque cometi\u00f3 il\u00edcitos\u201d"},"content":{"rendered":"\n<p>Tras la confirmaci\u00f3n de la sentencia contra la exmandataria por corrupci\u00f3n, el jefe de Gabinete, Guillermo Francos, se refiri\u00f3 al hecho y exalt\u00f3 el rol de la Justicia y el Estado de derecho.<\/p>\n\n\n\n<p>Luego de que la Corte Suprema de Justicia confirmara la condena a prisi\u00f3n de la expresidenta, Cristina Kirchner, en el marco de la causa vialidad, desde el gobierno de Javier Milei, mostraron su benepl\u00e1cito para con el Poder Judicial y salieron a desmentir que la actual titular del PJ nacional est\u00e9 proscripta.<\/p>\n\n\n\n<p>\u201cNo est\u00e1 proscripta por voluntad pol\u00edtica de otro, sino porque cometi\u00f3 il\u00edcitos. Demostramos que en el pa\u00eds hay Estado de Derecho. No es que la exmandataria est\u00e9 proscripta por voluntad pol\u00edtica de otro, sino porque cometi\u00f3 il\u00edcitos que le impiden postularse, fue condenada por hechos de corrupci\u00f3n. A las ideolog\u00edas la derrotamos en las elecciones, estamos dispuestos a confrontar permanentemente contra las ideolog\u00edas\u201d, agreg\u00f3 el ministro libertario en declaraciones a Radio Mitre.<\/p>\n\n\n\n<p>En ese sentido, el exfuncionario de Alberto Fern\u00e1ndez, remarc\u00f3: \u201cVivimos en un sistema republicano, en el que la Justicia cumple su rol. Me parece bueno el fallo de la Corte, fue un proceso que fue transparente, que pas\u00f3 por distintas instancias, en las que la expresidenta fue juzgada y acusada por funcionarios judiciales designados en el kirchnerismo\u201d.<\/p>\n\n\n\n<p>\u201cNo designamos ni un juez de paz, adem\u00e1s se nos acus\u00f3 de tener pacto de impunidad con el kirchnerismo, pero demostramos que no fue as\u00ed\u201d, cerr\u00f3 Francos, haciendo referencia al rechazo en el Senado, de los pliegos de los jueces Ariel Lijo y Manuel Garc\u00eda Mansilla, que propuso el Presidente como miembros de la Corte.<\/p>\n","protected":false},"excerpt":{"rendered":"<p>Tras la confirmaci\u00f3n de la sentencia contra la exmandataria por corrupci\u00f3n, el jefe de Gabinete, Guillermo Francos, se refiri\u00f3 al hecho y exalt\u00f3 el rol de la Justicia y el Estado de derecho. Luego de que la Corte Suprema de Justicia confirmara la condena a prisi\u00f3n de la expresidenta, Cristina Kirchner, en el marco de [&hellip;]<\/p>\n","protected":false},"author":2,"featured_media":17025,"comment_status":"open","ping_status":"open","sticky":false,"template":"","format":"standard","meta":{"footnotes":""},"categories":[20],"tags":[],"_links":{"self":[{"href":"https:\/\/enlamira.info\/index.php\/wp-json\/wp\/v2\/posts\/17020"}],"collection":[{"href":"https:\/\/enlamira.info\/index.php\/wp-json\/wp\/v2\/posts"}],"about":[{"href":"https:\/\/enlamira.info\/index.php\/wp-json\/wp\/v2\/types\/post"}],"author":[{"embeddable":true,"href":"https:\/\/enlamira.info\/index.php\/wp-json\/wp\/v2\/users\/2"}],"replies":[{"embeddable":true,"href":"https:\/\/enlamira.info\/index.php\/wp-json\/wp\/v2\/comments?post=17020"}],"version-history":[{"count":1,"href":"https:\/\/enlamira.info\/index.php\/wp-json\/wp\/v2\/posts\/17020\/revisions"}],"predecessor-version":[{"id":17026,"href":"https:\/\/enlamira.info\/index.php\/wp-json\/wp\/v2\/posts\/17020\/revisions\/17026"}],"wp:featuredmedia":[{"embeddable":true,"href":"https:\/\/enlamira.info\/index.php\/wp-json\/wp\/v2\/media\/17025"}],"wp:attachment":[{"href":"https:\/\/enlamira.info\/index.php\/wp-json\/wp\/v2\/media?parent=17020"}],"wp:term":[{"taxonomy":"category","embeddable":true,"href":"https:\/\/enlamira.info\/index.php\/wp-json\/wp\/v2\/categories?post=17020"},{"taxonomy":"post_tag","embeddable":true,"href":"https:\/\/enlamira.info\/index.php\/wp-json\/wp\/v2\/tags?post=17020"}],"curies":[{"name":"wp","href":"https:\/\/api.w.org\/{rel}","templated":true}]}}