{"id":17012,"date":"2025-06-11T12:40:44","date_gmt":"2025-06-11T15:40:44","guid":{"rendered":"https:\/\/enlamira.info\/?p=17012"},"modified":"2025-06-12T13:58:10","modified_gmt":"2025-06-12T16:58:10","slug":"ricardo-rojas-un-dirigente-comprometido-con-la-gente-mas-alla-de-la-politica","status":"publish","type":"post","link":"https:\/\/enlamira.info\/index.php\/2025\/06\/11\/ricardo-rojas-un-dirigente-comprometido-con-la-gente-mas-alla-de-la-politica\/","title":{"rendered":"Ricardo Rojas: Un dirigente comprometido con la gente, m\u00e1s all\u00e1 de la pol\u00edtica"},"content":{"rendered":"\n<p>En una nueva emisi\u00f3n de <em>La Voz del Vecino<\/em>, el programa de Marcelo Brunwald que se transmite de martes a viernes de 10 a 12 hs por <a href=\"https:\/\/www.impactosur.com.ar\">Impacto Sur<\/a>, conversamos con <strong>Ricardo Rojas<\/strong>, dirigente del peronismo ortodoxo, ex sindicalista del gremio del vidrio y exiliado pol\u00edtico durante la dictadura. Su historia es la de un militante que nunca dej\u00f3 de luchar por los derechos de los trabajadores y por la justicia social.<\/p>\n\n\n\n<p>Desde hace m\u00e1s de dos d\u00e9cadas, Rojas y su esposa Hilda Villareal,  llevan adelante la <strong>ONG Pibes Felices<\/strong>, ubicada en <strong>Caxaraville al 5400, Wilde<\/strong>. En este espacio, no solo brindan alimentos a ni\u00f1os y adultos, sino que tambi\u00e9n desarrollan tareas educativas y de contenci\u00f3n social. &#8220;Aqu\u00ed ayudamos a todos, sin preguntar de qu\u00e9 partido son. La necesidad no tiene bandera pol\u00edtica&#8221;, afirma Rojas.<\/p>\n\n\n\n<h3 class=\"wp-block-heading\"><strong>Una vida de lucha y compromiso<\/strong><\/h3>\n\n\n\n<p>Rojas comenz\u00f3 su camino en el sindicalismo, defendiendo los derechos de los trabajadores del vidrio. Su compromiso lo llev\u00f3 a ser perseguido por la dictadura, oblig\u00e1ndolo a exiliarse en Paraguay. A su regreso, trabaj\u00f3 junto a figuras emblem\u00e1ticas del peronismo como <strong>Herminio Iglesias y Cacho \u00c1lvarez<\/strong>, y hoy acompa\u00f1a la gesti\u00f3n del intendente <strong>Jorge Ferraresi<\/strong>.<\/p>\n\n\n\n<p>&#8220;Siempre cre\u00ed que la pol\u00edtica debe estar al servicio de la gente, no de los intereses personales. Por eso, desde <em>Pibes Felices<\/em>, ayudamos a todos, sin preguntar de qu\u00e9 partido son&#8221;, enfatiza Rojas.<\/p>\n\n\n\n<figure class=\"wp-block-image size-large\"><img loading=\"lazy\" decoding=\"async\" width=\"1024\" height=\"768\" src=\"https:\/\/enlamira.info\/wp-content\/uploads\/2025\/06\/491276878_1147767170699663_637002567358801058_n-1024x768.jpg\" alt=\"\" class=\"wp-image-17017\" srcset=\"https:\/\/enlamira.info\/wp-content\/uploads\/2025\/06\/491276878_1147767170699663_637002567358801058_n-1024x768.jpg 1024w, https:\/\/enlamira.info\/wp-content\/uploads\/2025\/06\/491276878_1147767170699663_637002567358801058_n-300x225.jpg 300w, https:\/\/enlamira.info\/wp-content\/uploads\/2025\/06\/491276878_1147767170699663_637002567358801058_n-768x576.jpg 768w, https:\/\/enlamira.info\/wp-content\/uploads\/2025\/06\/491276878_1147767170699663_637002567358801058_n-1536x1152.jpg 1536w, https:\/\/enlamira.info\/wp-content\/uploads\/2025\/06\/491276878_1147767170699663_637002567358801058_n.jpg 1600w\" sizes=\"(max-width: 1024px) 100vw, 1024px\" \/><\/figure>\n\n\n\n<h3 class=\"wp-block-heading\"><strong>La crisis y el hambre en los barrios<\/strong><\/h3>\n\n\n\n<p>En los \u00faltimos dos a\u00f1os, la demanda de alimentos en el merendero ha crecido exponencialmente. &#8220;La gente est\u00e1 muy hambreada, cada vez vienen m\u00e1s vecinos en busca de ayuda. La situaci\u00f3n es desesperante&#8221;, se\u00f1ala Rojas, quien agradece el apoyo del intendente <strong>Jorge Ferraresi<\/strong> en la asistencia social.<\/p>\n\n\n\n<p>El dirigente destaca que la crisis econ\u00f3mica ha golpeado con fuerza a los sectores m\u00e1s vulnerables. &#8220;Antes ven\u00edan principalmente ni\u00f1os, pero ahora tambi\u00e9n llegan adultos mayores y familias enteras. La necesidad es cada vez mayor&#8221;, explica.<\/p>\n\n\n\n<h3 class=\"wp-block-heading\"><strong>Cr\u00edticas al gobierno de Milei y la justicia<\/strong><\/h3>\n\n\n\n<p>Rojas no oculta su postura cr\u00edtica frente al gobierno de <strong>Javier Milei<\/strong>. &#8220;La causa judicial contra Cristina Kirchner fue armada para sacarla de la cancha porque saben que les gana. Macri y Milei no pueden ganar en las urnas, por eso pagan a la justicia para eliminar a sus adversarios&#8221;, sostiene con firmeza.<\/p>\n\n\n\n<p>Adem\u00e1s, advierte sobre el impacto de las pol\u00edticas econ\u00f3micas actuales en los barrios populares. &#8220;Las medidas de ajuste est\u00e1n dejando a miles de familias sin recursos. La gente no tiene para comer, y eso se refleja en la cantidad de personas que vienen a nuestro merendero&#8221;, denuncia.<\/p>\n\n\n\n<h3 class=\"wp-block-heading\"><strong>El silencio de la CGT ante la crisis<\/strong><\/h3>\n\n\n\n<p>Rojas tambi\u00e9n apunt\u00f3 contra la <strong>CGT<\/strong>, que tras los \u00faltimos acontecimientos decidi\u00f3 no convocar un paro general. &#8220;Los dirigentes sindicales deber\u00edan estar al frente de la lucha, pero prefirieron el silencio. La gente esperaba una respuesta contundente, pero en lugar de defender a los trabajadores, se quedaron callados&#8221;, critic\u00f3.<\/p>\n\n\n\n<p>El dirigente lament\u00f3 que la central obrera no haya tomado una postura m\u00e1s firme. &#8220;Si realmente representaran a los trabajadores, hoy estar\u00edamos viendo una movilizaci\u00f3n masiva. Pero parece que algunos prefieren negociar en los despachos antes que salir a la calle&#8221;, agreg\u00f3.<\/p>\n\n\n\n<h3 class=\"wp-block-heading\"><strong>El rol de la solidaridad en tiempos dif\u00edciles<\/strong><\/h3>\n\n\n\n<p>A pesar de las dificultades, Rojas sigue adelante con su labor social, convencido de que la verdadera pol\u00edtica es la que transforma vidas. &#8220;Mientras haya gente que necesite ayuda, nosotros vamos a estar ac\u00e1&#8221;, concluye.<\/p>\n\n\n\n<p>Desde <em>Pibes Felices<\/em>, contin\u00faan organizando actividades educativas y de contenci\u00f3n para quienes m\u00e1s lo necesitan. &#8220;No solo damos comida, tambi\u00e9n brindamos apoyo escolar, talleres y espacios de recreaci\u00f3n. Queremos que la gente tenga herramientas para salir adelante&#8221;, explica.<\/p>\n\n\n\n<p>La entrevista con Ricardo Rojas deja en claro que su compromiso con la comunidad va m\u00e1s all\u00e1 de la pol\u00edtica partidaria. Su historia es la de un dirigente que, a pesar de las adversidades, sigue apostando por la solidaridad y el trabajo social como motor de cambio.<\/p>\n\n\n\n<figure class=\"wp-block-embed is-type-video is-provider-youtube wp-block-embed-youtube wp-embed-aspect-16-9 wp-has-aspect-ratio\"><div class=\"wp-block-embed__wrapper\">\n<iframe loading=\"lazy\" title=\"Ricardo Rojas: Un dirigente comprometido con la gente, m\u00e1s all\u00e1 de la pol\u00edtica\" width=\"640\" height=\"360\" src=\"https:\/\/www.youtube.com\/embed\/mzmRsghSHQA?feature=oembed\" frameborder=\"0\" allow=\"accelerometer; autoplay; clipboard-write; encrypted-media; gyroscope; picture-in-picture; web-share\" referrerpolicy=\"strict-origin-when-cross-origin\" allowfullscreen><\/iframe>\n<\/div><\/figure>\n","protected":false},"excerpt":{"rendered":"<p>En una nueva emisi\u00f3n de La Voz del Vecino, el programa de Marcelo Brunwald que se transmite de martes a viernes de 10 a 12 hs por Impacto Sur, conversamos con Ricardo Rojas, dirigente del peronismo ortodoxo, ex sindicalista del gremio del vidrio y exiliado pol\u00edtico durante la dictadura. Su historia es la de un [&hellip;]<\/p>\n","protected":false},"author":2,"featured_media":17015,"comment_status":"open","ping_status":"open","sticky":false,"template":"","format":"standard","meta":{"footnotes":""},"categories":[1,20],"tags":[],"_links":{"self":[{"href":"https:\/\/enlamira.info\/index.php\/wp-json\/wp\/v2\/posts\/17012"}],"collection":[{"href":"https:\/\/enlamira.info\/index.php\/wp-json\/wp\/v2\/posts"}],"about":[{"href":"https:\/\/enlamira.info\/index.php\/wp-json\/wp\/v2\/types\/post"}],"author":[{"embeddable":true,"href":"https:\/\/enlamira.info\/index.php\/wp-json\/wp\/v2\/users\/2"}],"replies":[{"embeddable":true,"href":"https:\/\/enlamira.info\/index.php\/wp-json\/wp\/v2\/comments?post=17012"}],"version-history":[{"count":3,"href":"https:\/\/enlamira.info\/index.php\/wp-json\/wp\/v2\/posts\/17012\/revisions"}],"predecessor-version":[{"id":17061,"href":"https:\/\/enlamira.info\/index.php\/wp-json\/wp\/v2\/posts\/17012\/revisions\/17061"}],"wp:featuredmedia":[{"embeddable":true,"href":"https:\/\/enlamira.info\/index.php\/wp-json\/wp\/v2\/media\/17015"}],"wp:attachment":[{"href":"https:\/\/enlamira.info\/index.php\/wp-json\/wp\/v2\/media?parent=17012"}],"wp:term":[{"taxonomy":"category","embeddable":true,"href":"https:\/\/enlamira.info\/index.php\/wp-json\/wp\/v2\/categories?post=17012"},{"taxonomy":"post_tag","embeddable":true,"href":"https:\/\/enlamira.info\/index.php\/wp-json\/wp\/v2\/tags?post=17012"}],"curies":[{"name":"wp","href":"https:\/\/api.w.org\/{rel}","templated":true}]}}