{"id":17003,"date":"2025-06-10T18:57:38","date_gmt":"2025-06-10T21:57:38","guid":{"rendered":"https:\/\/enlamira.info\/?p=17003"},"modified":"2025-06-10T18:57:38","modified_gmt":"2025-06-10T21:57:38","slug":"sergio-massa-reaparecio-para-cuestionar-la-causa-contra-cristina-kirchner-esta-plagada-de-irregularidades","status":"publish","type":"post","link":"https:\/\/enlamira.info\/index.php\/2025\/06\/10\/sergio-massa-reaparecio-para-cuestionar-la-causa-contra-cristina-kirchner-esta-plagada-de-irregularidades\/","title":{"rendered":"Sergio Massa reapareci\u00f3 para cuestionar la causa contra Cristina Kirchner: \u201cEst\u00e1 plagada de irregularidades\u201d"},"content":{"rendered":"\n<p>El l\u00edder del Frente Renovador emiti\u00f3 un comunicado en donde mostr\u00f3 su apoyo a la exmandataria y advirti\u00f3 que si la Corte Suprema la condena pone en riesgo el liderazgo de cualquier dirigente.<\/p>\n\n\n\n<p>Desde el Frente Renovador (FR), que lidera Sergio Massa, mostraron su apoyo a Cristina Kirchner, ante la inminente decisi\u00f3n de la Corte Suprema de Justicia sobre su condena en la causa vialidad. A trav\u00e9s de un comunicado advirti\u00f3 sobre los riesgos de este tipo de intervenciones del Poder Judicial en la pol\u00edtica y denunci\u00f3 que el caso est\u00e1 lleno de inconsistencias.<\/p>\n\n\n\n<p>\u201cLa causa est\u00e1 plagada de irregularidades. Consideramos fundamental que la Corte Suprema de Justicia admita el recurso extraordinario presentado por la defensa de Cristina Kirchner y revise la sentencia dictada por el TOF N.\u00ba 2\u201d, poste\u00f3 en su cuenta de X (ex Twitter) el ex ministro de Econom\u00eda de Alberto Fern\u00e1ndez.<\/p>\n\n\n\n<p>A trav\u00e9s de un documento que lleva la firma de su espacio pol\u00edtico, el dirigente indic\u00f3 que la condena a CFK \u201cno tiene ning\u00fan sustento jur\u00eddico ni respeto por el principio de responsabilidad objetiva del derecho penal\u201d.<\/p>\n\n\n\n<p>\u201cCon este antecedente, todo l\u00edder de cualquier organizaci\u00f3n pol\u00edtica, empresaria o social puede ser culpado por los actos de sus subalternos inferiores. La judicializaci\u00f3n de la pol\u00edtica no puede reemplazar el funcionamiento pleno de la democracia en nuestra rep\u00fablica\u201d, sum\u00f3 Massa.<\/p>\n\n\n\n<p>En la misma l\u00ednea, plante\u00f3 la grave \u201ccrisis institucional de una profundidad sin precedentes, en la que parece que vale todo para confirmar prejuicios y movilizar la opini\u00f3n p\u00fablica. Una nueva interferencia en el proceso electoral y democr\u00e1tico. El avance de resoluciones judiciales con investigaciones incompletas, sin los principales instrumentos probatorios concluidos, no hace m\u00e1s que erosionar la confianza ciudadana en la Justicia y en las instituciones de la Rep\u00fablica\u201d.<\/p>\n\n\n\n<p>\u201cUna vez m\u00e1s, observamos con preocupaci\u00f3n la aplicaci\u00f3n de una doble vara a la hora de juzgar a dirigentes peronistas frente a otros sectores pol\u00edticos. Esta asimetr\u00eda en el tratamiento judicial no solo es injusta, sino que socava la legitimidad del sistema institucional. Nada justifica que ese deterioro derive en pr\u00e1cticas que lesionan el Estado de Derecho y comprometan la integridad democr\u00e1tica\u201d, se\u00f1alaron desde el partido fundado por el tigrense.<\/p>\n\n\n\n<p>En esa l\u00ednea advirtieron: \u201cLa salud de nuestra democracia no puede escudarse en tecnicismos procesales. Las decisiones judiciales deben estar plenamente fundamentadas, con todas las instancias agotadas y las pruebas producidas. La gravedad institucional exige sentencias claras, sin lugar para la duda ni la sospecha\u201d.<\/p>\n","protected":false},"excerpt":{"rendered":"<p>El l\u00edder del Frente Renovador emiti\u00f3 un comunicado en donde mostr\u00f3 su apoyo a la exmandataria y advirti\u00f3 que si la Corte Suprema la condena pone en riesgo el liderazgo de cualquier dirigente. Desde el Frente Renovador (FR), que lidera Sergio Massa, mostraron su apoyo a Cristina Kirchner, ante la inminente decisi\u00f3n de la Corte [&hellip;]<\/p>\n","protected":false},"author":2,"featured_media":17007,"comment_status":"open","ping_status":"open","sticky":false,"template":"","format":"standard","meta":{"footnotes":""},"categories":[1,126,32],"tags":[1815],"_links":{"self":[{"href":"https:\/\/enlamira.info\/index.php\/wp-json\/wp\/v2\/posts\/17003"}],"collection":[{"href":"https:\/\/enlamira.info\/index.php\/wp-json\/wp\/v2\/posts"}],"about":[{"href":"https:\/\/enlamira.info\/index.php\/wp-json\/wp\/v2\/types\/post"}],"author":[{"embeddable":true,"href":"https:\/\/enlamira.info\/index.php\/wp-json\/wp\/v2\/users\/2"}],"replies":[{"embeddable":true,"href":"https:\/\/enlamira.info\/index.php\/wp-json\/wp\/v2\/comments?post=17003"}],"version-history":[{"count":1,"href":"https:\/\/enlamira.info\/index.php\/wp-json\/wp\/v2\/posts\/17003\/revisions"}],"predecessor-version":[{"id":17008,"href":"https:\/\/enlamira.info\/index.php\/wp-json\/wp\/v2\/posts\/17003\/revisions\/17008"}],"wp:featuredmedia":[{"embeddable":true,"href":"https:\/\/enlamira.info\/index.php\/wp-json\/wp\/v2\/media\/17007"}],"wp:attachment":[{"href":"https:\/\/enlamira.info\/index.php\/wp-json\/wp\/v2\/media?parent=17003"}],"wp:term":[{"taxonomy":"category","embeddable":true,"href":"https:\/\/enlamira.info\/index.php\/wp-json\/wp\/v2\/categories?post=17003"},{"taxonomy":"post_tag","embeddable":true,"href":"https:\/\/enlamira.info\/index.php\/wp-json\/wp\/v2\/tags?post=17003"}],"curies":[{"name":"wp","href":"https:\/\/api.w.org\/{rel}","templated":true}]}}