{"id":17000,"date":"2025-06-10T18:50:18","date_gmt":"2025-06-10T21:50:18","guid":{"rendered":"https:\/\/enlamira.info\/?p=17000"},"modified":"2025-06-10T18:50:18","modified_gmt":"2025-06-10T21:50:18","slug":"cristina-kirchner-fue-condenada-a-seis-anos-de-prision-e-inhabilitacion-perpetua-para-ejercer-cargos-publicos","status":"publish","type":"post","link":"https:\/\/enlamira.info\/index.php\/2025\/06\/10\/cristina-kirchner-fue-condenada-a-seis-anos-de-prision-e-inhabilitacion-perpetua-para-ejercer-cargos-publicos\/","title":{"rendered":"Cristina Kirchner fue condenada a seis a\u00f1os de prisi\u00f3n e inhabilitaci\u00f3n perpetua para ejercer cargos p\u00fablicos"},"content":{"rendered":"\n<p>En el marco de la causa Vialidad, los jueces del m\u00e1ximo tribunal rechazaron el recurso interpuesto por la defensa de la ex presidenta.<\/p>\n\n\n\n<p>La&nbsp;<strong>Corte Suprema de Justicia<\/strong>&nbsp;conden\u00f3 a<strong>&nbsp;Cristina Kirchner<\/strong>&nbsp;a seis a\u00f1os de prisi\u00f3n e inhabilitaci\u00f3n perpetua para ejercer cargos p\u00fablicos. Los jueces Ricardo Lorenzetti, Horacio Rosatti y Carlos Rosenkrantz rechazaron por unanimidad el recurso extraordinario federal interpuesto por la defensa de la&nbsp;<a href=\"https:\/\/www.nexofin.com\/notas\/1216914-sergio-massa-reaparecio-para-cuestionar-la-causa-contra-cristina-kirchner-esta-plagada-de-irregularidades-n-\/\" target=\"_blank\" rel=\"noreferrer noopener\">ex jefa de Estado<\/a>.<\/p>\n\n\n\n<p>El&nbsp;<a href=\"https:\/\/www.nexofin.com\/notas\/1216912-la-cgt-respaldo-a-cristina-kirchner-ante-la-inminente-ratificacion-de-su-condena-por-la-corte-n-\/\" target=\"_blank\" rel=\"noreferrer noopener\">fallo<\/a>&nbsp;de la Corte notifica \u201cconfirmar la sentencia dictada por el Tribunal Oral en lo Criminal Federal N\u00b02, en cuanto condena a la nombrada a&nbsp;<strong>seis a\u00f1os de prisi\u00f3n e inhabilitaci\u00f3n perpetua para ejercer cargos p\u00fablicos<\/strong>, como coautora penalmente responsable del delito de administraci\u00f3n fraudulenta agravada en perjuicio de la administraci\u00f3n p\u00fablica\u201d. La sentencia tambi\u00e9n incluye el decomiso de unos 84.000 millones de pesos.<\/p>\n\n\n\n<p><img loading=\"lazy\" decoding=\"async\" src=\"https:\/\/www.nexofin.com\/archivos\/2025\/06\/fallo-corte.png\" alt=\"\" width=\"680\" height=\"325\" srcset=\"https:\/\/www.nexofin.com\/archivos\/2025\/06\/fallo-corte.png 680w, https:\/\/www.nexofin.com\/archivos\/2025\/06\/fallo-corte-300x143.png 300w\"><\/p>\n\n\n\n<p id=\"caption-attachment-1216945\">Fallo de la Corte Suprema<\/p>\n\n\n\n<p>El Tribunal ahora trabaja en le definici\u00f3n de las condiciones de la detenci\u00f3n de&nbsp;<strong>Cristina Kirchner<\/strong>&nbsp;y de los otros ocho condenados en la causa Vialidad. Se especula con que la ex presidenta tenga el beneficio del arresto domiciliario. Con este fallo no podr\u00e1 participar de las elecciones legislativas.<\/p>\n\n\n\n<p>Por otra parte, la<strong>&nbsp;Corte Suprema<\/strong>&nbsp;tambi\u00e9n dej\u00f3 firme la absoluci\u00f3n por el delito de asociaci\u00f3n il\u00edcita, lo que hubiese agravado la condena de la ex presidenta. Los jueces consideraron inadmisible el planteo.<\/p>\n","protected":false},"excerpt":{"rendered":"<p>En el marco de la causa Vialidad, los jueces del m\u00e1ximo tribunal rechazaron el recurso interpuesto por la defensa de la ex presidenta. La&nbsp;Corte Suprema de Justicia&nbsp;conden\u00f3 a&nbsp;Cristina Kirchner&nbsp;a seis a\u00f1os de prisi\u00f3n e inhabilitaci\u00f3n perpetua para ejercer cargos p\u00fablicos. Los jueces Ricardo Lorenzetti, Horacio Rosatti y Carlos Rosenkrantz rechazaron por unanimidad el recurso extraordinario [&hellip;]<\/p>\n","protected":false},"author":2,"featured_media":17001,"comment_status":"open","ping_status":"open","sticky":false,"template":"","format":"standard","meta":{"footnotes":""},"categories":[126,32,20],"tags":[],"_links":{"self":[{"href":"https:\/\/enlamira.info\/index.php\/wp-json\/wp\/v2\/posts\/17000"}],"collection":[{"href":"https:\/\/enlamira.info\/index.php\/wp-json\/wp\/v2\/posts"}],"about":[{"href":"https:\/\/enlamira.info\/index.php\/wp-json\/wp\/v2\/types\/post"}],"author":[{"embeddable":true,"href":"https:\/\/enlamira.info\/index.php\/wp-json\/wp\/v2\/users\/2"}],"replies":[{"embeddable":true,"href":"https:\/\/enlamira.info\/index.php\/wp-json\/wp\/v2\/comments?post=17000"}],"version-history":[{"count":1,"href":"https:\/\/enlamira.info\/index.php\/wp-json\/wp\/v2\/posts\/17000\/revisions"}],"predecessor-version":[{"id":17002,"href":"https:\/\/enlamira.info\/index.php\/wp-json\/wp\/v2\/posts\/17000\/revisions\/17002"}],"wp:featuredmedia":[{"embeddable":true,"href":"https:\/\/enlamira.info\/index.php\/wp-json\/wp\/v2\/media\/17001"}],"wp:attachment":[{"href":"https:\/\/enlamira.info\/index.php\/wp-json\/wp\/v2\/media?parent=17000"}],"wp:term":[{"taxonomy":"category","embeddable":true,"href":"https:\/\/enlamira.info\/index.php\/wp-json\/wp\/v2\/categories?post=17000"},{"taxonomy":"post_tag","embeddable":true,"href":"https:\/\/enlamira.info\/index.php\/wp-json\/wp\/v2\/tags?post=17000"}],"curies":[{"name":"wp","href":"https:\/\/api.w.org\/{rel}","templated":true}]}}