{"id":16830,"date":"2025-05-30T16:57:02","date_gmt":"2025-05-30T19:57:02","guid":{"rendered":"https:\/\/enlamira.info\/?p=16830"},"modified":"2025-05-30T17:16:22","modified_gmt":"2025-05-30T20:16:22","slug":"presentacion-formal-de-los-disenadores-de-moda-y-staff-de-pompona-group","status":"publish","type":"post","link":"https:\/\/enlamira.info\/index.php\/2025\/05\/30\/presentacion-formal-de-los-disenadores-de-moda-y-staff-de-pompona-group\/","title":{"rendered":"Presentaci\u00f3n formal de los Dise\u00f1adores de Moda y Staff de Pompona Group"},"content":{"rendered":"\n<p>Espacio Infomercial<\/p>\n\n\n\n<p>Participan el pr\u00f3ximo S\u00e1bado 14 de junio Horario del Desfile 22hs puntual, Apertura de puerta 20hs, ubicaci\u00f3n por Orden de llegada en el @palacete.ch Direcci\u00f3n Chacabuco 78 entre Av De Mayo y Hip\u00f3lito Yrigoyen. Mostraremos una vez m\u00e1s lo mejor de la vanguardia del circuito de la Moda Porte\u00f1o de Bs As, un Espect\u00e1culo a modo de escenario, recreando una puesta en escena \u00fanica de la famosa Generaci\u00f3n Dorada Under de los a\u00f1os 80 y 90tas, fusionando la moda, el arte y la m\u00fasica electr\u00f3nica, tambi\u00e9n los efectos especiales dignos de disfrutar todos los sentidos, siempre acompa\u00f1ados por el buen gusto y una forma de ver la moda inigualable con un Estilismo extravagante y tem\u00e1tico.<\/p>\n\n\n\n<p><br>Se realizar\u00e1 el magn\u00edfico Desfile 6ta Edici\u00f3n Fashion Show Colectivo de Moda, es un ciclo de desfiles con lo mejor de lo mejor, aterriz\u00f3 en el Famoso Templo del Under y ya est\u00e1 dando qu\u00e9 hablar por tener un formato exclusivo y refinado a la hora de mostrar moda.<\/p>\n\n\n\n<figure class=\"wp-block-image size-large\"><img loading=\"lazy\" decoding=\"async\" width=\"461\" height=\"1024\" src=\"https:\/\/enlamira.info\/wp-content\/uploads\/2025\/05\/WhatsApp-Image-2025-05-30-at-17.15.54-461x1024.jpeg\" alt=\"\" class=\"wp-image-16834\" srcset=\"https:\/\/enlamira.info\/wp-content\/uploads\/2025\/05\/WhatsApp-Image-2025-05-30-at-17.15.54-461x1024.jpeg 461w, https:\/\/enlamira.info\/wp-content\/uploads\/2025\/05\/WhatsApp-Image-2025-05-30-at-17.15.54-135x300.jpeg 135w, https:\/\/enlamira.info\/wp-content\/uploads\/2025\/05\/WhatsApp-Image-2025-05-30-at-17.15.54-691x1536.jpeg 691w, https:\/\/enlamira.info\/wp-content\/uploads\/2025\/05\/WhatsApp-Image-2025-05-30-at-17.15.54.jpeg 720w\" sizes=\"(max-width: 461px) 100vw, 461px\" \/><\/figure>\n\n\n\n<p>Curaci\u00f3n, puesta en escena y coordinaci\u00f3n del desfile: La Dise\u00f1adora y vloggera Vale Sim\u00f3n<br>Vestuario y Apertura: Artista Fashion Show Colectivo @pomponabypablosimon Ni\u00f1as and Kids<br>Dise\u00f1adora de Indumentaria y Textil Vicki Castro @_vickachu Gotas de Roc\u00edo. Piezas de Joyer\u00eda \/ Dise\u00f1o de Autor By Alejandra Burgardt @gotasderocio_joyas<\/p>\n\n\n\n<p><br>Dise\u00f1ador de Moda Revelaci\u00f3n: Viv\u00ed Matuura @KimonoVivi Telas y Texturas Original de Jap\u00f3n. Al final del Desfile en el Sal\u00f3n Pablo Sim\u00f3n se podr\u00e1 disfrutar de la Venta y exposici\u00f3n de Dise\u00f1os de la Marca Pompona By Pablo Sim\u00f3n y una instalaci\u00f3n de Gotas de Roc\u00edo piezas de Joyer\u00eda en oro y Plata de la Dise\u00f1adora Alejandra Burgardt.<\/p>\n\n\n\n<p><br>Luego seguir\u00e1 la fiesta con m\u00e1s artistas de la m\u00fasica Electr\u00f3nica y Galer\u00eda de Arte en los diferentes multiespacio.<\/p>\n\n\n\n<p>Staff Pompona Group:<br>Especial Make up Art\u00edsticos @ayenoriegamakeup @brenayemakeup y los maravillosos peinados de @am.podomax @arzamendia.mx<br>Asist 1 @paolamedina.22<br>Asistentes de Coreograf\u00eda y Performance @simone_carvalhook y @luz Palacios<br>Agencia de modelos: Rodrigo C\u00e1ceres @rc.oficial.arg @teenverodelacanal @starmodelv @Visage School @gabyvidal @nony_leiva<br>Sponsor Oficial: @smileclinicba<\/p>\n\n\n\n<h1 class=\"wp-block-heading\">valesimon #dise\u00f1odeautor #pomponabypablosimon #vloggermoda #desfiles #dise\u00f1otextil #arte #artistavisual<\/h1>\n","protected":false},"excerpt":{"rendered":"<p>Espacio Infomercial Participan el pr\u00f3ximo S\u00e1bado 14 de junio Horario del Desfile 22hs puntual, Apertura de puerta 20hs, ubicaci\u00f3n por Orden de llegada en el @palacete.ch Direcci\u00f3n Chacabuco 78 entre Av De Mayo y Hip\u00f3lito Yrigoyen. Mostraremos una vez m\u00e1s lo mejor de la vanguardia del circuito de la Moda Porte\u00f1o de Bs As, un [&hellip;]<\/p>\n","protected":false},"author":2,"featured_media":16831,"comment_status":"open","ping_status":"open","sticky":false,"template":"","format":"standard","meta":{"footnotes":""},"categories":[8,1,15,34],"tags":[1734],"_links":{"self":[{"href":"https:\/\/enlamira.info\/index.php\/wp-json\/wp\/v2\/posts\/16830"}],"collection":[{"href":"https:\/\/enlamira.info\/index.php\/wp-json\/wp\/v2\/posts"}],"about":[{"href":"https:\/\/enlamira.info\/index.php\/wp-json\/wp\/v2\/types\/post"}],"author":[{"embeddable":true,"href":"https:\/\/enlamira.info\/index.php\/wp-json\/wp\/v2\/users\/2"}],"replies":[{"embeddable":true,"href":"https:\/\/enlamira.info\/index.php\/wp-json\/wp\/v2\/comments?post=16830"}],"version-history":[{"count":2,"href":"https:\/\/enlamira.info\/index.php\/wp-json\/wp\/v2\/posts\/16830\/revisions"}],"predecessor-version":[{"id":16835,"href":"https:\/\/enlamira.info\/index.php\/wp-json\/wp\/v2\/posts\/16830\/revisions\/16835"}],"wp:featuredmedia":[{"embeddable":true,"href":"https:\/\/enlamira.info\/index.php\/wp-json\/wp\/v2\/media\/16831"}],"wp:attachment":[{"href":"https:\/\/enlamira.info\/index.php\/wp-json\/wp\/v2\/media?parent=16830"}],"wp:term":[{"taxonomy":"category","embeddable":true,"href":"https:\/\/enlamira.info\/index.php\/wp-json\/wp\/v2\/categories?post=16830"},{"taxonomy":"post_tag","embeddable":true,"href":"https:\/\/enlamira.info\/index.php\/wp-json\/wp\/v2\/tags?post=16830"}],"curies":[{"name":"wp","href":"https:\/\/api.w.org\/{rel}","templated":true}]}}