{"id":16790,"date":"2025-05-29T07:55:00","date_gmt":"2025-05-29T10:55:00","guid":{"rendered":"https:\/\/enlamira.info\/?p=16790"},"modified":"2025-05-28T21:09:48","modified_gmt":"2025-05-29T00:09:48","slug":"la-ctera-pidio-un-amparo-contra-decretos-que-limitan-el-derecho-a-huelga-y-vacian-la-paritaria-nacional-docente","status":"publish","type":"post","link":"https:\/\/enlamira.info\/index.php\/2025\/05\/29\/la-ctera-pidio-un-amparo-contra-decretos-que-limitan-el-derecho-a-huelga-y-vacian-la-paritaria-nacional-docente\/","title":{"rendered":"La CTERA pidi\u00f3 un amparo contra decretos que limitan el derecho a huelga y vac\u00edan la paritaria nacional docente"},"content":{"rendered":"\n<p>La Confederaci\u00f3n de Trabajadores de la Educaci\u00f3n de la Rep\u00fablica Argentina (CTERA) se present\u00f3 ante la Justicia Nacional del Trabajo para pedir una medida de amparo contra los DNU 340\/25 y 341\/25, que declaran a la educaci\u00f3n como servicio esencial, restringen el derecho a huelga en el sector y retiran al Poder Ejecutivo de la paritaria nacional docente.<\/p>\n\n\n\n<p>La Confederaci\u00f3n de Trabajadores de la Educaci\u00f3n de la Rep\u00fablica Argentina (CTERA), a trav\u00e9s de su secretaria General Sonia Alesso, present\u00f3 un amparo ante la Justicia Nacional del Trabajo para impugnar los Decretos de Necesidad y Urgencia (DNU) 340\/25 y 341\/25, que declaran la educaci\u00f3n como servicio esencial y retiran al Ejecutivo de la paritaria nacional docente. La medida es interpretada por el gremio docente como un claro intento de \u201crestringir el ejercicio leg\u00edtimo y constitucional del derecho de huelga\u201d, y un \u201cataque al conjunto de la docencia de nuestro pa\u00eds\u201d.<\/p>\n\n\n\n<p>Desde CTERA, se subraya que el DNU 340\/25 es una r\u00e9plica exacta del DNU 70\/23, el cual ya fue declarado inconstitucional por la misma Justicia Nacional del Trabajo. Seg\u00fan el gremio, esta insistencia del Poder Ejecutivo, demuestra un \u201cnotorio desprecio hacia el Poder Judicial de la Naci\u00f3n en el ejercicio de sus atribuciones legales\u201d, y califica de \u201cinconcebible\u201d que el presidente, Javier Milei, \u201cinsista con un acto nulo, en conducta nunca vista en la historia institucional de nuestra patria\u201d.<\/p>\n\n\n\n<p>El reclamo judicial de CTERA no se detiene ah\u00ed. El gremio tambi\u00e9n ha impugnado el Decreto 341\/25, publicado el mismo d\u00eda que el anterior (21 de mayo), por el cual el Estado Nacional \u201cpretende de forma arbitraria y completamente ilegal retirarse en calidad de parte de la Paritaria Nacional Docente\u201d, denuncia la entidad.<\/p>\n\n\n\n<p>CTERA denuncia que esta acci\u00f3n busca presentar la participaci\u00f3n en este \u00e1mbito de negociaci\u00f3n colectiva \u201ccomo una concesi\u00f3n del pr\u00edncipe y no una obligaci\u00f3n para garantizar un salario justo a las trabajadoras y los trabajadores de la educaci\u00f3n, as\u00ed como tambi\u00e9n condiciones dignas y equitativas del trabajo docente a lo largo y ancho de la Rep\u00fablica Argentina\u201d, apunt\u00f3 en un comunicado de prensa.<\/p>\n\n\n\n<p>El accionar del Gobierno Nacional, seg\u00fan el comunicado de CTERA, se enmarca en una \u201cofensiva de desfinanciamiento de la educaci\u00f3n p\u00fablica\u201d. El gremio enumera una serie de medidas que evidencian un \u201cdesprecio hacia las y los docentes de nuestro pa\u00eds y ni\u00f1as, ni\u00f1os y adolescentes que deben concurrir a la escuela\u201d, dispar\u00f3 la entidad.<\/p>\n\n\n\n<p>Entre las medidas a las que hace referencia la Confederaci\u00f3n, se menciona el \u201cbrutal ajuste del presupuesto educativo, el desconocimiento de la paritaria nacional docente, la p\u00e9rdida del poder adquisitivo del salario docente, la eliminaci\u00f3n del FONID, la paralizaci\u00f3n de las obras de infraestructura escolar en todo el pa\u00eds, y la falta de inversi\u00f3n en formaci\u00f3n docente\u201d, indic\u00f3 CTERA.<\/p>\n\n\n\n<p>Con esta acci\u00f3n judicial, CTERA busca frenar lo que considera un embate contra los derechos laborales de los trabajadores del sector y la educaci\u00f3n p\u00fablica en su conjunto. El comunicado finaliza con una advertencia al gobierno, donde la entidad sostiene que, \u201cla democracia, la libertad sindical, la dignidad y los derechos de las y los trabajadores de la educaci\u00f3n jam\u00e1s ser\u00e1n avasallados\u201d, concluye el documento.<\/p>\n","protected":false},"excerpt":{"rendered":"<p>La Confederaci\u00f3n de Trabajadores de la Educaci\u00f3n de la Rep\u00fablica Argentina (CTERA) se present\u00f3 ante la Justicia Nacional del Trabajo para pedir una medida de amparo contra los DNU 340\/25 y 341\/25, que declaran a la educaci\u00f3n como servicio esencial, restringen el derecho a huelga en el sector y retiran al Poder Ejecutivo de la [&hellip;]<\/p>\n","protected":false},"author":2,"featured_media":16798,"comment_status":"open","ping_status":"open","sticky":false,"template":"","format":"standard","meta":{"footnotes":""},"categories":[20],"tags":[1726],"_links":{"self":[{"href":"https:\/\/enlamira.info\/index.php\/wp-json\/wp\/v2\/posts\/16790"}],"collection":[{"href":"https:\/\/enlamira.info\/index.php\/wp-json\/wp\/v2\/posts"}],"about":[{"href":"https:\/\/enlamira.info\/index.php\/wp-json\/wp\/v2\/types\/post"}],"author":[{"embeddable":true,"href":"https:\/\/enlamira.info\/index.php\/wp-json\/wp\/v2\/users\/2"}],"replies":[{"embeddable":true,"href":"https:\/\/enlamira.info\/index.php\/wp-json\/wp\/v2\/comments?post=16790"}],"version-history":[{"count":1,"href":"https:\/\/enlamira.info\/index.php\/wp-json\/wp\/v2\/posts\/16790\/revisions"}],"predecessor-version":[{"id":16799,"href":"https:\/\/enlamira.info\/index.php\/wp-json\/wp\/v2\/posts\/16790\/revisions\/16799"}],"wp:featuredmedia":[{"embeddable":true,"href":"https:\/\/enlamira.info\/index.php\/wp-json\/wp\/v2\/media\/16798"}],"wp:attachment":[{"href":"https:\/\/enlamira.info\/index.php\/wp-json\/wp\/v2\/media?parent=16790"}],"wp:term":[{"taxonomy":"category","embeddable":true,"href":"https:\/\/enlamira.info\/index.php\/wp-json\/wp\/v2\/categories?post=16790"},{"taxonomy":"post_tag","embeddable":true,"href":"https:\/\/enlamira.info\/index.php\/wp-json\/wp\/v2\/tags?post=16790"}],"curies":[{"name":"wp","href":"https:\/\/api.w.org\/{rel}","templated":true}]}}