{"id":16729,"date":"2025-05-27T07:11:00","date_gmt":"2025-05-27T10:11:00","guid":{"rendered":"https:\/\/enlamira.info\/?p=16729"},"modified":"2025-05-25T22:16:34","modified_gmt":"2025-05-26T01:16:34","slug":"diego-moranzoni-fue-echado-de-cronica-tv-por-quedarse-con-dinero-de-una-colecta-solidaria","status":"publish","type":"post","link":"https:\/\/enlamira.info\/index.php\/2025\/05\/27\/diego-moranzoni-fue-echado-de-cronica-tv-por-quedarse-con-dinero-de-una-colecta-solidaria\/","title":{"rendered":"Diego Moranzoni fue echado de Cr\u00f3nica TV por quedarse con dinero de una colecta solidaria"},"content":{"rendered":"\n<p><\/p>\n\n\n\n<p>El periodista Diego Moranzoni habl\u00f3 este domingo con Infama (Am\u00e9rica TV) de su desvinculaci\u00f3n de Cr\u00f3nica TV y se refiri\u00f3 a los rumores de estafa. &#8220;Es todo mentira&#8221;, asegur\u00f3.<\/p>\n\n\n\n<p>Moranzoni cont\u00f3 en el ciclo conducido por Marcela Tauro que Griselda era una amiga &#8220;muy querida de much\u00edsimos a\u00f1os&#8221; y afirm\u00f3 que no la &#8220;estaf\u00f3&#8221;.<\/p>\n\n\n\n<p>Seg\u00fan explic\u00f3, la nieta de su amiga, Adela, se enferm\u00f3 y ella le pidi\u00f3 de hacer una colecta solidaria. \u201cLe consegu\u00ed los n\u00fameros, pele\u00e9 con la gente del hospital\u201d, remarc\u00f3.<\/p>\n\n\n\n<p>&#8220;Un d\u00eda antes yo cobro un PNT que le hab\u00eda vendido a un colega m\u00edo, que no tiene nada que ver con el tema, y se lo transfiero a cualquier cuenta, por un punto me equivoco. Esta es la verdad y en mi conversaci\u00f3n con Griselda est\u00e1&#8221;, relat\u00f3.<\/p>\n\n\n\n<p>&#8220;Yo le digo a Gri &#8216;ya que ma\u00f1ana hacemos eso, y como es fin de semana, y ya no me queda guita en la cuenta, \u00bfno me prest\u00e1s 250 mil pesos?&#8217;. Creo que se hab\u00eda juntado un mill\u00f3n de pesos&#8221;, sigui\u00f3.<\/p>\n\n\n\n<p>Luego, Tauro le consult\u00f3: &#8220;\u00bfQu\u00e9 pasa despu\u00e9s?&#8221;. &#8220;Nada, ella aparece en el canal diciendo que yo le rob\u00e9. Una amiga m\u00eda de toda la vida. Hice trescientos solidarios&#8221;, le respondi\u00f3.<\/p>\n\n\n\n<p>&#8220;Es todo una gran mentira. No s\u00e9 por qu\u00e9 ella hizo esto&#8221;, sostuvo el comunicador, quien tambi\u00e9n afirm\u00f3 que renunci\u00f3. \u201cTengo la carta de renuncia. No me echaron&#8221;, repiti\u00f3.<\/p>\n","protected":false},"excerpt":{"rendered":"<p>El periodista Diego Moranzoni habl\u00f3 este domingo con Infama (Am\u00e9rica TV) de su desvinculaci\u00f3n de Cr\u00f3nica TV y se refiri\u00f3 a los rumores de estafa. &#8220;Es todo mentira&#8221;, asegur\u00f3. Moranzoni cont\u00f3 en el ciclo conducido por Marcela Tauro que Griselda era una amiga &#8220;muy querida de much\u00edsimos a\u00f1os&#8221; y afirm\u00f3 que no la &#8220;estaf\u00f3&#8221;. Seg\u00fan [&hellip;]<\/p>\n","protected":false},"author":2,"featured_media":16732,"comment_status":"open","ping_status":"open","sticky":false,"template":"","format":"standard","meta":{"footnotes":""},"categories":[15],"tags":[1707],"_links":{"self":[{"href":"https:\/\/enlamira.info\/index.php\/wp-json\/wp\/v2\/posts\/16729"}],"collection":[{"href":"https:\/\/enlamira.info\/index.php\/wp-json\/wp\/v2\/posts"}],"about":[{"href":"https:\/\/enlamira.info\/index.php\/wp-json\/wp\/v2\/types\/post"}],"author":[{"embeddable":true,"href":"https:\/\/enlamira.info\/index.php\/wp-json\/wp\/v2\/users\/2"}],"replies":[{"embeddable":true,"href":"https:\/\/enlamira.info\/index.php\/wp-json\/wp\/v2\/comments?post=16729"}],"version-history":[{"count":1,"href":"https:\/\/enlamira.info\/index.php\/wp-json\/wp\/v2\/posts\/16729\/revisions"}],"predecessor-version":[{"id":16733,"href":"https:\/\/enlamira.info\/index.php\/wp-json\/wp\/v2\/posts\/16729\/revisions\/16733"}],"wp:featuredmedia":[{"embeddable":true,"href":"https:\/\/enlamira.info\/index.php\/wp-json\/wp\/v2\/media\/16732"}],"wp:attachment":[{"href":"https:\/\/enlamira.info\/index.php\/wp-json\/wp\/v2\/media?parent=16729"}],"wp:term":[{"taxonomy":"category","embeddable":true,"href":"https:\/\/enlamira.info\/index.php\/wp-json\/wp\/v2\/categories?post=16729"},{"taxonomy":"post_tag","embeddable":true,"href":"https:\/\/enlamira.info\/index.php\/wp-json\/wp\/v2\/tags?post=16729"}],"curies":[{"name":"wp","href":"https:\/\/api.w.org\/{rel}","templated":true}]}}