{"id":16728,"date":"2025-05-27T07:11:00","date_gmt":"2025-05-27T10:11:00","guid":{"rendered":"https:\/\/enlamira.info\/?p=16728"},"modified":"2025-05-25T22:12:14","modified_gmt":"2025-05-26T01:12:14","slug":"cristina-kirchner-advirtio-sobre-un-posible-default-y-critico-con-dureza-al-gobierno-de-milei","status":"publish","type":"post","link":"https:\/\/enlamira.info\/index.php\/2025\/05\/27\/cristina-kirchner-advirtio-sobre-un-posible-default-y-critico-con-dureza-al-gobierno-de-milei\/","title":{"rendered":"Cristina Kirchner advirti\u00f3 sobre un posible default y critic\u00f3 con dureza al Gobierno de Milei"},"content":{"rendered":"\n<p>Durante el Encuentro de la Cultura Popular, la expresidenta carg\u00f3 contra la pol\u00edtica econ\u00f3mica libertaria, apunt\u00f3 a la falta de obra p\u00fablica, y llam\u00f3 al peronismo a \u201crepensarse\u201d ante la crisis.<\/p>\n\n\n\n<p>En el marco del Encuentro de la Cultura Popular realizado este domingo en el Polo Deportivo y Cultural Sald\u00edas, Cristina Fern\u00e1ndez de Kirchner volvi\u00f3 a mostrarse p\u00fablicamente con un mensaje contundente en el D\u00eda de la Patria y en el aniversario n\u00famero 21 de la asunci\u00f3n presidencial de N\u00e9stor Kirchner. La exmandataria cuestion\u00f3 con dureza la pol\u00edtica econ\u00f3mica del gobierno de Javier Milei y alert\u00f3: \u201cDe seguir este nivel de endeudamiento, el d\u00e9cimo default no es una fantas\u00eda demasiado lejana\u201d.<\/p>\n\n\n\n<p>Compartiendo escenario con la senadora Celeste Gim\u00e9nez Navarro y la exministra Teresa Parodi, Cristina repas\u00f3 logros culturales de sus gestiones (como el INCAA, Canal Encuentro, Tecn\u00f3polis y la Ley de Financiamiento Educativo) y acus\u00f3 al actual Gobierno de no haber hecho \u201cni una puta obra\u201d. \u201cSu \u00fanica obra es cambiarle el nombre a lo que otros hicieron. Qu\u00e9 mediocres. Qu\u00e9 chatos\u201d, lanz\u00f3.<\/p>\n\n\n\n<p>En una cr\u00edtica directa a la gesti\u00f3n econ\u00f3mica, se\u00f1al\u00f3 que \u201cel Gobierno se qued\u00f3 sin d\u00f3lares\u201d y sostuvo que el consumo \u201cse fue al carajo\u201d. Seg\u00fan la expresidenta, el Ejecutivo \u201cno quiere emitir para comprar d\u00f3lares\u201d y por eso \u201csostiene con endeudamiento hasta las pr\u00f3ximas elecciones\u201d. \u201cRascan el fondo de la olla porque les faltan pesos y d\u00f3lares. El default est\u00e1 a la vuelta de la esquina\u201d, reiter\u00f3.<\/p>\n\n\n\n<p>Tambi\u00e9n apunt\u00f3 contra la campa\u00f1a oficial \u201cTus d\u00f3lares, tu decisi\u00f3n\u201d, calific\u00e1ndola como una \u201cbomba de humo\u201d que forma parte de una \u201cbatalla cultural\u201d sin sustento. \u201c\u00bfQu\u00e9 te pasa? Un pastelito est\u00e1 dos lucas\u201d, ironiz\u00f3.<\/p>\n\n\n\n<p>Respecto al rol del peronismo en este contexto, Fern\u00e1ndez de Kirchner llam\u00f3 a la autocr\u00edtica y subray\u00f3 la necesidad de \u201crepensarse\u201d. \u201cTenemos que dejar de ser militantes electorales para volver a ser militantes pol\u00edticos. Dejemos de lado las mezquindades y los egos que tanto da\u00f1o hicieron\u201d, expres\u00f3.<\/p>\n\n\n\n<p>Reconoci\u00f3 que el modelo libertario impacta de forma progresiva en distintos sectores, y asegur\u00f3 que la motosierra \u201ctermin\u00f3 entrando en la casa de las grandes mayor\u00edas\u201d. A su vez, advirti\u00f3 que \u201cla deflaci\u00f3n no es una buena noticia, ya la vivimos con De la R\u00faa y Menem\u201d, y que si se prolonga \u201cpodr\u00eda derivar en una depresi\u00f3n y nuevo default\u201d.<\/p>\n\n\n\n<p>Finalmente, hizo un llamado a reconstruir el debate pol\u00edtico con propuestas. \u201cTenemos que discutir el modelo econ\u00f3mico sin prejuicios ni clich\u00e9s. Se puede negociar con el mundo sin subordinarnos ni vender la patria\u201d, concluy\u00f3.<\/p>\n","protected":false},"excerpt":{"rendered":"<p>Durante el Encuentro de la Cultura Popular, la expresidenta carg\u00f3 contra la pol\u00edtica econ\u00f3mica libertaria, apunt\u00f3 a la falta de obra p\u00fablica, y llam\u00f3 al peronismo a \u201crepensarse\u201d ante la crisis. En el marco del Encuentro de la Cultura Popular realizado este domingo en el Polo Deportivo y Cultural Sald\u00edas, Cristina Fern\u00e1ndez de Kirchner volvi\u00f3 [&hellip;]<\/p>\n","protected":false},"author":2,"featured_media":16730,"comment_status":"open","ping_status":"open","sticky":false,"template":"","format":"standard","meta":{"footnotes":""},"categories":[20],"tags":[1706],"_links":{"self":[{"href":"https:\/\/enlamira.info\/index.php\/wp-json\/wp\/v2\/posts\/16728"}],"collection":[{"href":"https:\/\/enlamira.info\/index.php\/wp-json\/wp\/v2\/posts"}],"about":[{"href":"https:\/\/enlamira.info\/index.php\/wp-json\/wp\/v2\/types\/post"}],"author":[{"embeddable":true,"href":"https:\/\/enlamira.info\/index.php\/wp-json\/wp\/v2\/users\/2"}],"replies":[{"embeddable":true,"href":"https:\/\/enlamira.info\/index.php\/wp-json\/wp\/v2\/comments?post=16728"}],"version-history":[{"count":1,"href":"https:\/\/enlamira.info\/index.php\/wp-json\/wp\/v2\/posts\/16728\/revisions"}],"predecessor-version":[{"id":16731,"href":"https:\/\/enlamira.info\/index.php\/wp-json\/wp\/v2\/posts\/16728\/revisions\/16731"}],"wp:featuredmedia":[{"embeddable":true,"href":"https:\/\/enlamira.info\/index.php\/wp-json\/wp\/v2\/media\/16730"}],"wp:attachment":[{"href":"https:\/\/enlamira.info\/index.php\/wp-json\/wp\/v2\/media?parent=16728"}],"wp:term":[{"taxonomy":"category","embeddable":true,"href":"https:\/\/enlamira.info\/index.php\/wp-json\/wp\/v2\/categories?post=16728"},{"taxonomy":"post_tag","embeddable":true,"href":"https:\/\/enlamira.info\/index.php\/wp-json\/wp\/v2\/tags?post=16728"}],"curies":[{"name":"wp","href":"https:\/\/api.w.org\/{rel}","templated":true}]}}