{"id":16707,"date":"2025-05-25T12:31:07","date_gmt":"2025-05-25T15:31:07","guid":{"rendered":"https:\/\/enlamira.info\/?p=16707"},"modified":"2025-05-25T12:31:07","modified_gmt":"2025-05-25T15:31:07","slug":"encuentro-radical-en-sarandi-maria-belen-malaisi-y-la-construccion-politica-hacia-2025","status":"publish","type":"post","link":"https:\/\/enlamira.info\/index.php\/2025\/05\/25\/encuentro-radical-en-sarandi-maria-belen-malaisi-y-la-construccion-politica-hacia-2025\/","title":{"rendered":"Encuentro Radical en Sarand\u00ed: Mar\u00eda Bel\u00e9n Malaisi y la construcci\u00f3n pol\u00edtica hacia 2025"},"content":{"rendered":"\n<p>En el hist\u00f3rico comit\u00e9 radical de Salta y Belgrano, en Sarand\u00ed, la diputada provincial Mar\u00eda Bel\u00e9n Malaisi (UCR) particip\u00f3 en un encuentro con militantes, acompa\u00f1ada por el dirigente Fernando Landaburu, el concejal (UCR) de Avellaneda Ruben Sanazi, el dirigente de Brown Mario Helfestein y otros referentes partidarios. En un clima de di\u00e1logo y reflexi\u00f3n, se abordaron cuestiones internas del radicalismo y el posicionamiento de cara a los pr\u00f3ximos desaf\u00edos electorales.<\/p>\n\n\n\n<figure class=\"wp-block-image size-large\"><img loading=\"lazy\" decoding=\"async\" width=\"1024\" height=\"768\" src=\"https:\/\/enlamira.info\/wp-content\/uploads\/2025\/05\/500430969_10233387942533378_4534198484532659374_n-1024x768.jpg\" alt=\"\" class=\"wp-image-16708\" srcset=\"https:\/\/enlamira.info\/wp-content\/uploads\/2025\/05\/500430969_10233387942533378_4534198484532659374_n-1024x768.jpg 1024w, https:\/\/enlamira.info\/wp-content\/uploads\/2025\/05\/500430969_10233387942533378_4534198484532659374_n-300x225.jpg 300w, https:\/\/enlamira.info\/wp-content\/uploads\/2025\/05\/500430969_10233387942533378_4534198484532659374_n-768x576.jpg 768w, https:\/\/enlamira.info\/wp-content\/uploads\/2025\/05\/500430969_10233387942533378_4534198484532659374_n.jpg 1280w\" sizes=\"(max-width: 1024px) 100vw, 1024px\" \/><\/figure>\n\n\n\n<figure class=\"wp-block-image size-large\"><img loading=\"lazy\" decoding=\"async\" width=\"1024\" height=\"768\" src=\"https:\/\/enlamira.info\/wp-content\/uploads\/2025\/05\/500596176_10233387941853361_1056313196535613609_n-1024x768.jpg\" alt=\"\" class=\"wp-image-16709\" srcset=\"https:\/\/enlamira.info\/wp-content\/uploads\/2025\/05\/500596176_10233387941853361_1056313196535613609_n-1024x768.jpg 1024w, https:\/\/enlamira.info\/wp-content\/uploads\/2025\/05\/500596176_10233387941853361_1056313196535613609_n-300x225.jpg 300w, https:\/\/enlamira.info\/wp-content\/uploads\/2025\/05\/500596176_10233387941853361_1056313196535613609_n-768x576.jpg 768w, https:\/\/enlamira.info\/wp-content\/uploads\/2025\/05\/500596176_10233387941853361_1056313196535613609_n.jpg 1280w\" sizes=\"(max-width: 1024px) 100vw, 1024px\" \/><\/figure>\n\n\n\n<p><em>&#8220;Siempre es un placer venir, agradecemos la invitaci\u00f3n de Fernando, del comit\u00e9 y del Negro Ferreira. Nos gusta estar presentes y acompa\u00f1ar,&#8221;<\/em> expres\u00f3 Malaisi al inicio de la charla. La diputada reconoci\u00f3 que el partido atraviesa un tiempo de definiciones complejas, no solo por el panorama general de la sociedad, sino tambi\u00e9n dentro de la estructura partidaria.<\/p>\n\n\n\n<p>En este contexto, Malaisi enfatiz\u00f3 la importancia de generar los mejores acuerdos posibles para fortalecer la presencia del radicalismo en la pr\u00f3xima elecci\u00f3n de 2025. <em>&#8220;Hemos trabajado en acuerdos conjuntos con el cambio en los \u00faltimos comicios. Ahora veremos qu\u00e9 posibilidades existen para que logremos liderar un nuevo frente, con vistas al proyecto que estamos construyendo para 2027,&#8221;<\/em> explic\u00f3.<\/p>\n\n\n\n<h3 class=\"wp-block-heading\"><strong>El impacto de las elecciones en CABA<\/strong><\/h3>\n\n\n\n<p>Consultada sobre las recientes elecciones en la Ciudad Aut\u00f3noma de Buenos Aires y su posible repercusi\u00f3n en la provincia, Malaisi sostuvo que el dato m\u00e1s preocupante es la baja participaci\u00f3n electoral. <em>&#8220;Debemos preguntarnos c\u00f3mo volver a convocar y seducir al electorado. La escasa intenci\u00f3n de voto tiene que llamarnos a la reflexi\u00f3n,&#8221;<\/em> indic\u00f3, subrayando la necesidad de una estrategia efectiva para fortalecer la participaci\u00f3n ciudadana.<\/p>\n\n\n\n\n\n<h3 class=\"wp-block-heading\"><strong>Los valores hist\u00f3ricos del radicalismo<\/strong><\/h3>\n\n\n\n<p>Durante el encuentro, se discutieron las banderas tradicionales de la UCR, entre las que Malaisi destac\u00f3 la defensa de la educaci\u00f3n p\u00fablica, gratuita y laica, el derecho al trabajo y la producci\u00f3n, el progresismo, el respeto a los adultos mayores y el bienestar com\u00fan de la sociedad.<\/p>\n\n\n\n<p>A su vez, record\u00f3 la labor del expresidente Ra\u00fal Alfons\u00edn tras su mandato, destacando su rol en la Fundaci\u00f3n Argentina para la Libre Informaci\u00f3n (FOALI). En este marco, la diputada abord\u00f3 la situaci\u00f3n actual del periodismo y las dificultades que enfrenta. <em>&#8220;Este gobierno ha atacado sistem\u00e1ticamente la libertad de expresi\u00f3n, la educaci\u00f3n, los jubilados y todo lo relacionado con la informaci\u00f3n. Es crucial defender la ley de informaci\u00f3n p\u00fablica,&#8221;<\/em> afirm\u00f3, destacando el papel de los medios de comunicaci\u00f3n como aliados fundamentales en la difusi\u00f3n de ideas y la construcci\u00f3n democr\u00e1tica.<\/p>\n\n\n\n\n\n<h3 class=\"wp-block-heading\"><strong>Reelecci\u00f3n indefinida: un debate pendiente<\/strong><\/h3>\n\n\n\n<p>Por otro lado, Malaisi se refiri\u00f3 a la reciente iniciativa para destrabar la posibilidad de reelecci\u00f3n indefinida en el interior bonaerense. Si bien aclar\u00f3 que el partido a\u00fan no ha tomado una postura oficial, expres\u00f3 su visi\u00f3n personal: <em>&#8220;Este no es el momento para tomar esa decisi\u00f3n. Primero hay que analizar otras prioridades, porque lo que puede ser beneficioso para algunos, puede ser perjudicial para otros. Nuestra responsabilidad como legisladores es gobernar para todos, respetando la ley y garantizando derechos.&#8221;<\/em><\/p>\n\n\n\n<p>El encuentro cerr\u00f3 con una invitaci\u00f3n al di\u00e1logo y la participaci\u00f3n activa en la construcci\u00f3n pol\u00edtica del radicalismo, de cara a los pr\u00f3ximos desaf\u00edos electorales.<\/p>\n\n\n","protected":false},"excerpt":{"rendered":"<p>En el hist\u00f3rico comit\u00e9 radical de Salta y Belgrano, en Sarand\u00ed, la diputada provincial Mar\u00eda Bel\u00e9n Malaisi (UCR) particip\u00f3 en un encuentro con militantes, acompa\u00f1ada por el dirigente Fernando Landaburu, el concejal (UCR) de Avellaneda Ruben Sanazi, el dirigente de Brown Mario Helfestein y otros referentes partidarios. En un clima de di\u00e1logo y reflexi\u00f3n, se [&hellip;]<\/p>\n","protected":false},"author":2,"featured_media":16710,"comment_status":"open","ping_status":"open","sticky":false,"template":"","format":"standard","meta":{"footnotes":""},"categories":[1,20,5],"tags":[1700],"_links":{"self":[{"href":"https:\/\/enlamira.info\/index.php\/wp-json\/wp\/v2\/posts\/16707"}],"collection":[{"href":"https:\/\/enlamira.info\/index.php\/wp-json\/wp\/v2\/posts"}],"about":[{"href":"https:\/\/enlamira.info\/index.php\/wp-json\/wp\/v2\/types\/post"}],"author":[{"embeddable":true,"href":"https:\/\/enlamira.info\/index.php\/wp-json\/wp\/v2\/users\/2"}],"replies":[{"embeddable":true,"href":"https:\/\/enlamira.info\/index.php\/wp-json\/wp\/v2\/comments?post=16707"}],"version-history":[{"count":1,"href":"https:\/\/enlamira.info\/index.php\/wp-json\/wp\/v2\/posts\/16707\/revisions"}],"predecessor-version":[{"id":16711,"href":"https:\/\/enlamira.info\/index.php\/wp-json\/wp\/v2\/posts\/16707\/revisions\/16711"}],"wp:featuredmedia":[{"embeddable":true,"href":"https:\/\/enlamira.info\/index.php\/wp-json\/wp\/v2\/media\/16710"}],"wp:attachment":[{"href":"https:\/\/enlamira.info\/index.php\/wp-json\/wp\/v2\/media?parent=16707"}],"wp:term":[{"taxonomy":"category","embeddable":true,"href":"https:\/\/enlamira.info\/index.php\/wp-json\/wp\/v2\/categories?post=16707"},{"taxonomy":"post_tag","embeddable":true,"href":"https:\/\/enlamira.info\/index.php\/wp-json\/wp\/v2\/tags?post=16707"}],"curies":[{"name":"wp","href":"https:\/\/api.w.org\/{rel}","templated":true}]}}