{"id":16694,"date":"2025-05-25T11:20:37","date_gmt":"2025-05-25T14:20:37","guid":{"rendered":"https:\/\/enlamira.info\/?p=16694"},"modified":"2025-05-25T11:20:37","modified_gmt":"2025-05-25T14:20:37","slug":"el-mensaje-de-la-iglesia-en-el-tedeum-no-podemos-construir-una-nacion-desde-la-guerra-entre-nosotros","status":"publish","type":"post","link":"https:\/\/enlamira.info\/index.php\/2025\/05\/25\/el-mensaje-de-la-iglesia-en-el-tedeum-no-podemos-construir-una-nacion-desde-la-guerra-entre-nosotros\/","title":{"rendered":"El mensaje de la Iglesia en el Tedeum: \u201cNo podemos construir una naci\u00f3n desde la guerra entre nosotros\u201d"},"content":{"rendered":"\n<p>El presidente Javier Milei particip\u00f3 en el tradicional acto lit\u00fargico por el 215 aniversario de la Revoluci\u00f3n de Mayo. No salud\u00f3 ni a Victoria Villarruel ni a Jorge Macri.<\/p>\n\n\n\n<p>El presidente Javier Milei particip\u00f3 con sus ministros en el tradicional Tedeum por el 25 de Mayo, en el marco del 215 aniversario de la revoluci\u00f3n acontecida en dicha fecha.<\/p>\n\n\n\n<p>Adem\u00e1s de Milei, tambi\u00e9n asisti\u00f3 el gabinete de gobierno, cuya primera l\u00ednea estuvo conformada por la secretaria general de la Presidencia, Karina Milei, el jefe de Gabinete Guillermo Francos, el ministro de Defensa, Luis Petri, y el canciller Gerardo Werthein.<\/p>\n\n\n\n<p>Adem\u00e1s del presidente, tambi\u00e9n estuvieron presentes la vicepresidenta Victoria Villarruel y el jefe de Gobierno porte\u00f1o, Jorge Macri, con quienes Milei no se salud\u00f3.<\/p>\n\n\n\n<p>Milei, su hermana y los ministros, caminando hacia la Catedral para asistir al Tedeum.<\/p>\n\n\n\n<p>El jefe de Estado entr\u00f3 a la Catedral Metropolitana a las 8:49 horas junto a su hermana, y fue recibido por el monse\u00f1or Garc\u00eda Cuerva. Tambi\u00e9n saludo a Jos\u00e9 Luis Espert con un abrazo, pero evit\u00f3 estrechar su mano con la del jefe de Gobierno porte\u00f1o o saludar a Victoria Villarruel.<\/p>\n\n\n\n<p>El acto lit\u00fargico de este a\u00f1o es el primero que se celebr\u00f3 desde el fallecimiento del papa Francisco, quien fuera, antes de ser Santo Padre, arzobispo de Buenos Aires durante m\u00e1s de una d\u00e9cada.<\/p>\n\n\n\n<p>El monse\u00f1or Jorge Garc\u00eda Cuerva dio un mensaje cr\u00edtico respecto a la situaci\u00f3n econ\u00f3mica que atraviesa gran parte de la poblaci\u00f3n, y reiter\u00f3 su reclamo por los jubilados. Tambi\u00e9n se refiri\u00f3 al discurso estructurado alrededor del antagonismo pol\u00edtico que impera en la sociedad: \u201cNo se construye desde la guerra entre nosotros\u201d, asever\u00f3.<\/p>\n\n\n\n<p>\u201cVamos a pedirle a Dios que muestra Argentina se cure y viva. Experimentamos que se est\u00e1 muriendo la fraternidad, la tolerancia, el respeto. Y si se mueren esos valores, se muere un poco el futuro, y se muere la esperanza de forjar una Argentina unida, una Patria de hermanos\u201d, inici\u00f3 du discurso el arzobispo.<\/p>\n\n\n\n<p>Tras la misa, el presidente permanecer\u00e1 en la Plaza de Mayo para presenciar el cambio de guardia de los regimientos hist\u00f3ricos en una ceremonia que se extender\u00e1 media hora.<\/p>\n","protected":false},"excerpt":{"rendered":"<p>El presidente Javier Milei particip\u00f3 en el tradicional acto lit\u00fargico por el 215 aniversario de la Revoluci\u00f3n de Mayo. No salud\u00f3 ni a Victoria Villarruel ni a Jorge Macri. El presidente Javier Milei particip\u00f3 con sus ministros en el tradicional Tedeum por el 25 de Mayo, en el marco del 215 aniversario de la revoluci\u00f3n [&hellip;]<\/p>\n","protected":false},"author":2,"featured_media":16697,"comment_status":"open","ping_status":"open","sticky":false,"template":"","format":"standard","meta":{"footnotes":""},"categories":[1],"tags":[1697],"_links":{"self":[{"href":"https:\/\/enlamira.info\/index.php\/wp-json\/wp\/v2\/posts\/16694"}],"collection":[{"href":"https:\/\/enlamira.info\/index.php\/wp-json\/wp\/v2\/posts"}],"about":[{"href":"https:\/\/enlamira.info\/index.php\/wp-json\/wp\/v2\/types\/post"}],"author":[{"embeddable":true,"href":"https:\/\/enlamira.info\/index.php\/wp-json\/wp\/v2\/users\/2"}],"replies":[{"embeddable":true,"href":"https:\/\/enlamira.info\/index.php\/wp-json\/wp\/v2\/comments?post=16694"}],"version-history":[{"count":1,"href":"https:\/\/enlamira.info\/index.php\/wp-json\/wp\/v2\/posts\/16694\/revisions"}],"predecessor-version":[{"id":16698,"href":"https:\/\/enlamira.info\/index.php\/wp-json\/wp\/v2\/posts\/16694\/revisions\/16698"}],"wp:featuredmedia":[{"embeddable":true,"href":"https:\/\/enlamira.info\/index.php\/wp-json\/wp\/v2\/media\/16697"}],"wp:attachment":[{"href":"https:\/\/enlamira.info\/index.php\/wp-json\/wp\/v2\/media?parent=16694"}],"wp:term":[{"taxonomy":"category","embeddable":true,"href":"https:\/\/enlamira.info\/index.php\/wp-json\/wp\/v2\/categories?post=16694"},{"taxonomy":"post_tag","embeddable":true,"href":"https:\/\/enlamira.info\/index.php\/wp-json\/wp\/v2\/tags?post=16694"}],"curies":[{"name":"wp","href":"https:\/\/api.w.org\/{rel}","templated":true}]}}