{"id":16693,"date":"2025-05-25T11:26:49","date_gmt":"2025-05-25T14:26:49","guid":{"rendered":"https:\/\/enlamira.info\/?p=16693"},"modified":"2025-05-25T11:26:49","modified_gmt":"2025-05-25T14:26:49","slug":"la-vice-de-axel-kicillof-le-dio-estado-parlamentario-al-proyecto-de-reeleccion-indefinida-de-intendentes","status":"publish","type":"post","link":"https:\/\/enlamira.info\/index.php\/2025\/05\/25\/la-vice-de-axel-kicillof-le-dio-estado-parlamentario-al-proyecto-de-reeleccion-indefinida-de-intendentes\/","title":{"rendered":"La vice de Axel Kicillof le dio estado parlamentario al proyecto de reelecci\u00f3n indefinida de intendentes"},"content":{"rendered":"\n<p>Ver\u00f3nica Magario envi\u00f3 la iniciativa a la Comisi\u00f3n de Legislaci\u00f3n General: se tratar\u00eda esta semana. Cu\u00e1les son los argumentos del oficialismo para defender la reelecci\u00f3n indefinida y el rol de su alianza con los jefes municipales frente al kirchnerismo.<\/p>\n\n\n\n<p>La vicegobernadora de la provincia de Buenos Aires, Ver\u00f3nica Magario, gir\u00f3 al Senado el proyecto de ley que busca rehabilitar la reelecci\u00f3n indefinida de intendentes bonaerenses para que se trate en la Comisi\u00f3n de Legislaci\u00f3n General. De esta manera, le dio estado parlamentario y ser\u00eda tratado en la semana entrante.<\/p>\n\n\n\n<p>Una vez en comisi\u00f3n, la iniciativa que promueve la legisladora Ayel\u00e9n Dur\u00e1n (Uni\u00f3n por la Patria), deber\u00e1 contar con consenso en el oficialismo, ya que el senador Luis Vivona (UxP), con el respaldo del kirchnerismo, present\u00f3 un proyecto similar que tambi\u00e9n pretende la reelecci\u00f3n, pero de diputados y senadores provinciales.<\/p>\n\n\n\n<p>Para que el proyecto de reelecci\u00f3n indefinida tenga tratamiento sobre tablas, debe alcanzar una representaci\u00f3n de dos tercios de las bancas. En caso de contar con tal apoyo, los legisladores disutir\u00e1n la iniciativa este mi\u00e9rcoles.<\/p>\n\n\n\n<p>Argumentos del proyecto<\/p>\n\n\n\n<p>El principal argumento que presenta el proyecto de ley para defender la reelecci\u00f3n indefinida de jefes municipales es que \u201cla democracia no se fortalece impidiendo candidaturas, sino garantizando elecciones libres y competitivas\u201c.<\/p>\n\n\n\n<p>Adem\u00e1s, en el escrito se considera que \u201cla ley cuya derogaci\u00f3n se persigue impone un l\u00edmite a esa voluntad, restringiendo el derecho del electorado a votar por quien considere m\u00e1s apto, incluso cuando la gesti\u00f3n ha sido, leg\u00edtima, transparente y eficiente\u201d, en alusi\u00f3n a la norma vigente, que impide m\u00e1s de dos mandatos consecutivos.<\/p>\n\n\n\n<p>La cr\u00edtica opositora a esta exposici\u00f3n de argumentos sostiene que el l\u00edmite a la reelecci\u00f3n es un mecanismo de autorregulaci\u00f3n del sistema democr\u00e1tico para evitar, en el caso de los gobiernos locales, una eventual concentraci\u00f3n del poder pol\u00edtico expresada en una captura del estado municipal por parte de un intendente en aras de reelegirse de forma indefinida.<\/p>\n\n\n\n<p>Negociaciones y objetivos<\/p>\n\n\n\n<p>La posibilidad de que la Legislatura discuta esta propuesta se encuentra sujeta a las negociaciones entre los distintos sectores de Uni\u00f3n por la Patria y la oposici\u00f3n, y de la voluntad pol\u00edtica para buscar acuerdos m\u00e1s all\u00e1 de la fragmentaci\u00f3n imperante en el Partido Justicialista bonaerense.<\/p>\n\n\n\n<p>Tanto la iniciativa de reelecci\u00f3n de intendentes como la de diputados y senadores responde a objetivos que tienen el kicillofismo, de solidificar su alianza con los jefes municipales, principalmente peronistas, aunque tambi\u00e9n radicales, y del kirchnerismo, que busca consolidar un bloque legislativo que responda a sus intereses, asegure el control parlamentario y, por ende, su poder de veto sobre cualquier medida del gobernador Kicillof.<\/p>\n","protected":false},"excerpt":{"rendered":"<p>Ver\u00f3nica Magario envi\u00f3 la iniciativa a la Comisi\u00f3n de Legislaci\u00f3n General: se tratar\u00eda esta semana. Cu\u00e1les son los argumentos del oficialismo para defender la reelecci\u00f3n indefinida y el rol de su alianza con los jefes municipales frente al kirchnerismo. La vicegobernadora de la provincia de Buenos Aires, Ver\u00f3nica Magario, gir\u00f3 al Senado el proyecto de [&hellip;]<\/p>\n","protected":false},"author":2,"featured_media":16699,"comment_status":"open","ping_status":"open","sticky":false,"template":"","format":"standard","meta":{"footnotes":""},"categories":[20,5],"tags":[1698],"_links":{"self":[{"href":"https:\/\/enlamira.info\/index.php\/wp-json\/wp\/v2\/posts\/16693"}],"collection":[{"href":"https:\/\/enlamira.info\/index.php\/wp-json\/wp\/v2\/posts"}],"about":[{"href":"https:\/\/enlamira.info\/index.php\/wp-json\/wp\/v2\/types\/post"}],"author":[{"embeddable":true,"href":"https:\/\/enlamira.info\/index.php\/wp-json\/wp\/v2\/users\/2"}],"replies":[{"embeddable":true,"href":"https:\/\/enlamira.info\/index.php\/wp-json\/wp\/v2\/comments?post=16693"}],"version-history":[{"count":1,"href":"https:\/\/enlamira.info\/index.php\/wp-json\/wp\/v2\/posts\/16693\/revisions"}],"predecessor-version":[{"id":16700,"href":"https:\/\/enlamira.info\/index.php\/wp-json\/wp\/v2\/posts\/16693\/revisions\/16700"}],"wp:featuredmedia":[{"embeddable":true,"href":"https:\/\/enlamira.info\/index.php\/wp-json\/wp\/v2\/media\/16699"}],"wp:attachment":[{"href":"https:\/\/enlamira.info\/index.php\/wp-json\/wp\/v2\/media?parent=16693"}],"wp:term":[{"taxonomy":"category","embeddable":true,"href":"https:\/\/enlamira.info\/index.php\/wp-json\/wp\/v2\/categories?post=16693"},{"taxonomy":"post_tag","embeddable":true,"href":"https:\/\/enlamira.info\/index.php\/wp-json\/wp\/v2\/tags?post=16693"}],"curies":[{"name":"wp","href":"https:\/\/api.w.org\/{rel}","templated":true}]}}