{"id":16682,"date":"2025-05-23T22:24:20","date_gmt":"2025-05-24T01:24:20","guid":{"rendered":"https:\/\/enlamira.info\/?p=16682"},"modified":"2025-05-23T22:24:20","modified_gmt":"2025-05-24T01:24:20","slug":"manuel-adorni-restringe-el-acceso-a-periodistas-en-casa-rosada-e-impone-un-codigo-de-vestimenta-formal","status":"publish","type":"post","link":"https:\/\/enlamira.info\/index.php\/2025\/05\/23\/manuel-adorni-restringe-el-acceso-a-periodistas-en-casa-rosada-e-impone-un-codigo-de-vestimenta-formal\/","title":{"rendered":"Manuel Adorni restringe el acceso a periodistas en Casa Rosada e impone un c\u00f3digo de vestimenta \u201cformal\u201d"},"content":{"rendered":"\n<p>El vocero presidencial cambi\u00f3 las reglas para la prensa que trabaja dentro de la Casa de Gobierno y que participa de las conferencias que brinda.<\/p>\n\n\n\n<p>El vocero presidencial, Manuel Adorni, modific\u00f3 los criterios de admisi\u00f3n para la prensa acreditada en Casa Rosada, a trav\u00e9s de la resoluci\u00f3n 1319\/2025 publicada este viernes a la madrugada en el Bolet\u00edn Oficial, se implementaran nuevas reglas, como disminuir a cantidad de periodistas que participen, un c\u00f3digo de vestimenta formal y menos preguntas.<\/p>\n\n\n\n<p>La medida deroga la disposici\u00f3n anterior de 2024 y busca, seg\u00fan indicaron desde la vocer\u00eda, \u201cordenar, garantizar la seguridad y promover la pluralidad informativa\u201d. El texto oficial lleva la firma Adorni, mientras que los anexos est\u00e1n firmados por su n\u00famero dos, Javier Lanari.<\/p>\n\n\n\n<p>Asimismo, la nueva normativa dispone un plazo de 30 d\u00edas h\u00e1biles para que los medios y profesionales de la comunicaci\u00f3n presenten las solicitudes de acreditaci\u00f3n para el per\u00edodo que va desde el 1\u00b0 de abril de 2025 hasta el 31 de marzo de 2026. Las nuevas reglas incluyen un procedimiento detallado para la solicitud de accesos, una declaraci\u00f3n jurada obligatoria y una \u201cmatriz de evaluaci\u00f3n objetiva\u201d que se utilizar\u00e1 para evaluar a los postulantes.<\/p>\n\n\n\n<p>En tanto, el Gobierno de Javier Milei estableci\u00f3 que solo podr\u00e1n acceder hasta 25 periodistas a la Sala de Periodistas \u201cDecano Roberto di Sandro\u201d acreditados bajo la modalidad Anual. Mientras que otros 36 profesionales podr\u00e1n asistir desde la Sala de Conferencias.<\/p>\n\n\n\n<p>Seg\u00fan indicaron desde la vocer\u00eda, esto es necesario para garantizar \u201ccondiciones de seguridad adecuadas, evitar aglomeraciones y permitir un desarrollo ordenado y eficiente de las actividades oficiales\u201d.<\/p>\n\n\n\n<p>Por otro lado, impusieron un c\u00f3digo de vestimenta formal \u201cen raz\u00f3n de la naturaleza institucional del acto y su trascendencia a nivel nacional e internacional. Este requerimiento responde al protocolo de los actos oficiales cuyo respeto es fundamental para mantener el decoro y el orden correspondiente. En consecuencia los acreditados y\/o participantes tendr\u00e1n que cumplir con el mismo a fin de preservar las buenas costumbres, el respeto por las instituciones y la importancia del evento\u201d, sostuvieron.\u201d, explicaron.<\/p>\n","protected":false},"excerpt":{"rendered":"<p>El vocero presidencial cambi\u00f3 las reglas para la prensa que trabaja dentro de la Casa de Gobierno y que participa de las conferencias que brinda. El vocero presidencial, Manuel Adorni, modific\u00f3 los criterios de admisi\u00f3n para la prensa acreditada en Casa Rosada, a trav\u00e9s de la resoluci\u00f3n 1319\/2025 publicada este viernes a la madrugada en [&hellip;]<\/p>\n","protected":false},"author":2,"featured_media":16683,"comment_status":"open","ping_status":"open","sticky":false,"template":"","format":"standard","meta":{"footnotes":""},"categories":[1],"tags":[1691],"_links":{"self":[{"href":"https:\/\/enlamira.info\/index.php\/wp-json\/wp\/v2\/posts\/16682"}],"collection":[{"href":"https:\/\/enlamira.info\/index.php\/wp-json\/wp\/v2\/posts"}],"about":[{"href":"https:\/\/enlamira.info\/index.php\/wp-json\/wp\/v2\/types\/post"}],"author":[{"embeddable":true,"href":"https:\/\/enlamira.info\/index.php\/wp-json\/wp\/v2\/users\/2"}],"replies":[{"embeddable":true,"href":"https:\/\/enlamira.info\/index.php\/wp-json\/wp\/v2\/comments?post=16682"}],"version-history":[{"count":1,"href":"https:\/\/enlamira.info\/index.php\/wp-json\/wp\/v2\/posts\/16682\/revisions"}],"predecessor-version":[{"id":16684,"href":"https:\/\/enlamira.info\/index.php\/wp-json\/wp\/v2\/posts\/16682\/revisions\/16684"}],"wp:featuredmedia":[{"embeddable":true,"href":"https:\/\/enlamira.info\/index.php\/wp-json\/wp\/v2\/media\/16683"}],"wp:attachment":[{"href":"https:\/\/enlamira.info\/index.php\/wp-json\/wp\/v2\/media?parent=16682"}],"wp:term":[{"taxonomy":"category","embeddable":true,"href":"https:\/\/enlamira.info\/index.php\/wp-json\/wp\/v2\/categories?post=16682"},{"taxonomy":"post_tag","embeddable":true,"href":"https:\/\/enlamira.info\/index.php\/wp-json\/wp\/v2\/tags?post=16682"}],"curies":[{"name":"wp","href":"https:\/\/api.w.org\/{rel}","templated":true}]}}