{"id":16681,"date":"2025-05-23T22:26:52","date_gmt":"2025-05-24T01:26:52","guid":{"rendered":"https:\/\/enlamira.info\/?p=16681"},"modified":"2025-05-23T22:26:52","modified_gmt":"2025-05-24T01:26:52","slug":"daniel-garcia-la-huelga-es-un-derecho-no-un-delito","status":"publish","type":"post","link":"https:\/\/enlamira.info\/index.php\/2025\/05\/23\/daniel-garcia-la-huelga-es-un-derecho-no-un-delito\/","title":{"rendered":"Daniel Garc\u00eda: \u201cLa huelga es un derecho, no un delito\u201d"},"content":{"rendered":"\n<p>El Defensor del Pueblo, Daniel Garc\u00eda, se expres\u00f3 en defensa del derecho a huelga, ante lo que considera intentos del gobierno de Milei de criminalizar la protesta social.<\/p>\n\n\n\n<p>El Defensor del Pueblo de Avellaneda, Daniel Garc\u00eda, se pronunci\u00f3 a trav\u00e9s de un comunicado en defensa del derecho a huelga, al que defini\u00f3 como \u201cuna herramienta leg\u00edtima, fundamental, constitucional y vital\u201d para la clase trabajadora. En sus declaraciones, remarc\u00f3 que se trata de un derecho garantizado por la Constituci\u00f3n Nacional y respaldado por tratados internacionales.<\/p>\n\n\n\n<p>Garc\u00eda expres\u00f3 que la huelga no es \u201cni un capricho ni una acci\u00f3n irresponsable\u201d, sino una respuesta leg\u00edtima cuando el di\u00e1logo y la negociaci\u00f3n con los empleadores o el Estado no arrojan resultados. \u201cEs la \u00fanica forma que tienen los trabajadores para hacer valer sus derechos cuando estos son vulnerados\u201d, subray\u00f3.<\/p>\n\n\n\n<p>En el marco del avance de pol\u00edticas impulsadas por el gobierno libertario, el funcionario manifest\u00f3 su rechazo a cualquier intento de silenciar, castigar o deslegitimar la protesta social. \u201c\u00a1La huelga no se toca!\u201d, exclam\u00f3, dejando clara su postura frente al contexto de creciente conflictividad laboral.<\/p>\n\n\n\n<p>Finalmente, Garc\u00eda se pronunci\u00f3 contra el ajuste, la precarizaci\u00f3n y lo que calific\u00f3 como \u201cel desprecio por los derechos laborales\u201d. Cerr\u00f3 su intervenci\u00f3n con una consigna contundente: \u201cOrganizarse, luchar y hacer huelga es un derecho, no un delito\u201d.<\/p>\n","protected":false},"excerpt":{"rendered":"<p>El Defensor del Pueblo, Daniel Garc\u00eda, se expres\u00f3 en defensa del derecho a huelga, ante lo que considera intentos del gobierno de Milei de criminalizar la protesta social. El Defensor del Pueblo de Avellaneda, Daniel Garc\u00eda, se pronunci\u00f3 a trav\u00e9s de un comunicado en defensa del derecho a huelga, al que defini\u00f3 como \u201cuna herramienta [&hellip;]<\/p>\n","protected":false},"author":2,"featured_media":16685,"comment_status":"open","ping_status":"open","sticky":false,"template":"","format":"standard","meta":{"footnotes":""},"categories":[1],"tags":[1692,1693],"_links":{"self":[{"href":"https:\/\/enlamira.info\/index.php\/wp-json\/wp\/v2\/posts\/16681"}],"collection":[{"href":"https:\/\/enlamira.info\/index.php\/wp-json\/wp\/v2\/posts"}],"about":[{"href":"https:\/\/enlamira.info\/index.php\/wp-json\/wp\/v2\/types\/post"}],"author":[{"embeddable":true,"href":"https:\/\/enlamira.info\/index.php\/wp-json\/wp\/v2\/users\/2"}],"replies":[{"embeddable":true,"href":"https:\/\/enlamira.info\/index.php\/wp-json\/wp\/v2\/comments?post=16681"}],"version-history":[{"count":1,"href":"https:\/\/enlamira.info\/index.php\/wp-json\/wp\/v2\/posts\/16681\/revisions"}],"predecessor-version":[{"id":16686,"href":"https:\/\/enlamira.info\/index.php\/wp-json\/wp\/v2\/posts\/16681\/revisions\/16686"}],"wp:featuredmedia":[{"embeddable":true,"href":"https:\/\/enlamira.info\/index.php\/wp-json\/wp\/v2\/media\/16685"}],"wp:attachment":[{"href":"https:\/\/enlamira.info\/index.php\/wp-json\/wp\/v2\/media?parent=16681"}],"wp:term":[{"taxonomy":"category","embeddable":true,"href":"https:\/\/enlamira.info\/index.php\/wp-json\/wp\/v2\/categories?post=16681"},{"taxonomy":"post_tag","embeddable":true,"href":"https:\/\/enlamira.info\/index.php\/wp-json\/wp\/v2\/tags?post=16681"}],"curies":[{"name":"wp","href":"https:\/\/api.w.org\/{rel}","templated":true}]}}