{"id":16680,"date":"2025-05-23T22:45:44","date_gmt":"2025-05-24T01:45:44","guid":{"rendered":"https:\/\/enlamira.info\/?p=16680"},"modified":"2025-05-23T22:45:44","modified_gmt":"2025-05-24T01:45:44","slug":"una-semana-sin-luz-en-banfield-piquete-vecinal-y-una-solucion-que-no-alcanza","status":"publish","type":"post","link":"https:\/\/enlamira.info\/index.php\/2025\/05\/23\/una-semana-sin-luz-en-banfield-piquete-vecinal-y-una-solucion-que-no-alcanza\/","title":{"rendered":"Una semana sin luz en Banfield: Piquete vecinal y una soluci\u00f3n que no alcanza"},"content":{"rendered":"\n<p>M\u00e1s de diez manzanas siguen afectadas por un corte estructural. Un generador restableci\u00f3 el servicio parcialmente, pero muchos vecinos contin\u00faan sin electricidad y sin respuestas claras de Edesur.<\/p>\n\n\n\n<p>Luego de siete d\u00edas sin suministro el\u00e9ctrico, vecinos de la localidad de Banfield, partido de Lomas de Zamora, de al menos diez manzanas, contin\u00faan viviendo entre la incertidumbre, la bronca y la falta de respuestas por parte de Edesur. La tensi\u00f3n escal\u00f3 y ayer por la noche cuando se realiz\u00f3 un piquete en Acevedo y Larroque, reclamando una soluci\u00f3n urgente.<\/p>\n\n\n\n<p>A ra\u00edz de la protesta, la empresa EDESUR coloc\u00f3 un grupo electr\u00f3geno que permiti\u00f3 restituir parcialmente el servicio. Sin embargo, seg\u00fan el relato de los vecinos, el funcionamiento del generador est\u00e1 \u201cal 10%\u201d de su capacidad, por lo que gran parte de los hogares siguen sin luz o con baja tensi\u00f3n.<\/p>\n\n\n\n<p>Los vecinos afirmaron que el generador no da abasto, ya que hay vecinos que no tienen nada y otros que solo tienen una lamparita.<\/p>\n\n\n\n<p>Desde EDESUR informaron que el corte se origin\u00f3 por las intensas lluvias del \u00faltimo fin de semana, que inundaron las c\u00e1maras subterr\u00e1neas de electricidad.<\/p>\n\n\n\n<p>Durante esta semana sin luz, las familias afectadas sufrieron p\u00e9rdidas importantes: desde la falta de agua hasta alimentos echados a perder por la falta de refrigeraci\u00f3n. Adem\u00e1s, varios electrodom\u00e9sticos se quemaron por las subidas y bajadas de tensi\u00f3n.<\/p>\n\n\n\n<p>En redes sociales y grupos vecinales, el reclamo crece: \u201cExigimos que Edesur d\u00e9 una soluci\u00f3n definitiva. Esto no puede pasar m\u00e1s\u201d, fue uno de los mensajes m\u00e1s compartidos.<\/p>\n","protected":false},"excerpt":{"rendered":"<p>M\u00e1s de diez manzanas siguen afectadas por un corte estructural. Un generador restableci\u00f3 el servicio parcialmente, pero muchos vecinos contin\u00faan sin electricidad y sin respuestas claras de Edesur. Luego de siete d\u00edas sin suministro el\u00e9ctrico, vecinos de la localidad de Banfield, partido de Lomas de Zamora, de al menos diez manzanas, contin\u00faan viviendo entre la [&hellip;]<\/p>\n","protected":false},"author":2,"featured_media":16687,"comment_status":"open","ping_status":"open","sticky":false,"template":"","format":"standard","meta":{"footnotes":""},"categories":[1],"tags":[1694],"_links":{"self":[{"href":"https:\/\/enlamira.info\/index.php\/wp-json\/wp\/v2\/posts\/16680"}],"collection":[{"href":"https:\/\/enlamira.info\/index.php\/wp-json\/wp\/v2\/posts"}],"about":[{"href":"https:\/\/enlamira.info\/index.php\/wp-json\/wp\/v2\/types\/post"}],"author":[{"embeddable":true,"href":"https:\/\/enlamira.info\/index.php\/wp-json\/wp\/v2\/users\/2"}],"replies":[{"embeddable":true,"href":"https:\/\/enlamira.info\/index.php\/wp-json\/wp\/v2\/comments?post=16680"}],"version-history":[{"count":1,"href":"https:\/\/enlamira.info\/index.php\/wp-json\/wp\/v2\/posts\/16680\/revisions"}],"predecessor-version":[{"id":16688,"href":"https:\/\/enlamira.info\/index.php\/wp-json\/wp\/v2\/posts\/16680\/revisions\/16688"}],"wp:featuredmedia":[{"embeddable":true,"href":"https:\/\/enlamira.info\/index.php\/wp-json\/wp\/v2\/media\/16687"}],"wp:attachment":[{"href":"https:\/\/enlamira.info\/index.php\/wp-json\/wp\/v2\/media?parent=16680"}],"wp:term":[{"taxonomy":"category","embeddable":true,"href":"https:\/\/enlamira.info\/index.php\/wp-json\/wp\/v2\/categories?post=16680"},{"taxonomy":"post_tag","embeddable":true,"href":"https:\/\/enlamira.info\/index.php\/wp-json\/wp\/v2\/tags?post=16680"}],"curies":[{"name":"wp","href":"https:\/\/api.w.org\/{rel}","templated":true}]}}