{"id":16673,"date":"2025-05-23T14:50:49","date_gmt":"2025-05-23T17:50:49","guid":{"rendered":"https:\/\/enlamira.info\/?p=16673"},"modified":"2025-05-23T14:50:49","modified_gmt":"2025-05-23T17:50:49","slug":"las-nuevas-reglas-de-la-politica-analisis-de-gustavo-damian-gonzalez","status":"publish","type":"post","link":"https:\/\/enlamira.info\/index.php\/2025\/05\/23\/las-nuevas-reglas-de-la-politica-analisis-de-gustavo-damian-gonzalez\/","title":{"rendered":"Las nuevas reglas de la pol\u00edtica: an\u00e1lisis de Gustavo Dami\u00e1n Gonz\u00e1lez"},"content":{"rendered":"\n<p>\ud83d\udcfb <em>En el programa <strong>La Voz del Vecino<\/strong>, conducido por Marcelo Brunwald y transmitido de martes a viernes de 10 a 12 hs por Impacto FM 93.9, hablamos con el polit\u00f3logo Gustavo Dami\u00e1n Gonz\u00e1lez, quien hoy brindar\u00e1 una charla en el comit\u00e9 de Antonio Carbone, ubicado en Bah\u00eda Blanca 201, en Wilde, a las 19 hs.<\/em><\/p>\n\n\n\n<hr class=\"wp-block-separator has-alpha-channel-opacity\"\/>\n\n\n\n<h4 class=\"wp-block-heading\">La transformaci\u00f3n del escenario pol\u00edtico<\/h4>\n\n\n\n<p>En di\u00e1logo con <em>La Voz del Vecino<\/em>, Gonz\u00e1lez analiz\u00f3 las repercusiones de la \u00faltima elecci\u00f3n en la Ciudad de Buenos Aires y el impacto que podr\u00eda tener en la provincia. En su opini\u00f3n, <strong>algunos han dado por muerto al PRO<\/strong>, pero los efectos de esta elecci\u00f3n todav\u00eda no est\u00e1n del todo definidos.<\/p>\n\n\n\n<p><em>&#8220;Algunos coletazos van a llegar a la pr\u00f3xima elecci\u00f3n en la provincia de Buenos Aires, pero mi an\u00e1lisis va m\u00e1s all\u00e1. Esta elecci\u00f3n dej\u00f3 al desnudo que las estructuras pol\u00edticas se derrumbaron tras la irrupci\u00f3n de Milei. Los libros de materia pol\u00edtica tienen que ser pr\u00e1cticamente deso\u00eddos o quemados, porque hay una nueva forma de hacer pol\u00edtica&#8221;,<\/em> sostuvo el polit\u00f3logo.<\/p>\n\n\n\n<hr class=\"wp-block-separator has-alpha-channel-opacity\"\/>\n\n\n\n<h4 class=\"wp-block-heading\">Una nueva forma de alianzas<\/h4>\n\n\n\n<p>Seg\u00fan Gonz\u00e1lez, las alianzas tradicionales entre partidos pol\u00edticos est\u00e1n desapareciendo y el escenario futuro ser\u00e1 diferente al que se conoc\u00eda.<\/p>\n\n\n\n<p><em>&#8220;En esta primera elecci\u00f3n con nuevas reglas se va a notar la dispersi\u00f3n en los dirigentes. No va a ser como antes, con alianzas claras entre partidos pol\u00edticos. Ahora veremos dos o tres dirigentes del radicalismo ali\u00e1ndose con algunos del PRO, algunos dirigentes libertarios con otros radicales, y as\u00ed sucesivamente&#8221;,<\/em> explic\u00f3.<\/p>\n\n\n\n<hr class=\"wp-block-separator has-alpha-channel-opacity\"\/>\n\n\n\n<h4 class=\"wp-block-heading\">Reelecci\u00f3n indefinida: \u00bfun problema?<\/h4>\n\n\n\n<p>Respecto a la reelecci\u00f3n indefinida en los municipios, Gonz\u00e1lez fue tajante en su opini\u00f3n.<\/p>\n\n\n\n<p><em>&#8220;Es una verdadera locura y es algo que debe terminar. Mi sobrina naci\u00f3 cuando el intendente de Berazategui, Mussi, asumi\u00f3 su primer mandato. Hoy ella se est\u00e1 recibiendo en la universidad y sigue el mismo intendente. Es una locura,&#8221;<\/em> asegur\u00f3 el analista.<\/p>\n\n\n\n<hr class=\"wp-block-separator has-alpha-channel-opacity\"\/>\n\n\n\n<h4 class=\"wp-block-heading\">Su rol dentro de la UCR en la provincia<\/h4>\n\n\n\n<p>Sobre su futuro en la Uni\u00f3n C\u00edvica Radical en la provincia de Buenos Aires, Gonz\u00e1lez dej\u00f3 en claro que su intenci\u00f3n es asumir un rol m\u00e1s activo dentro del partido.<\/p>\n\n\n\n<p><em>&#8220;Me gustar\u00eda tener ese rol y me estoy preparando, recorriendo toda la provincia de Buenos Aires. Despu\u00e9s de la \u00faltima elecci\u00f3n, el radicalismo qued\u00f3 fragmentado y devaluado, sobre todo en Capital. En el conurbano veo algunos radicales yendo con La Libertad Avanza y otros con el peronismo residual, como el de Fernando Gray,&#8221;<\/em> afirm\u00f3.<\/p>\n\n\n\n<p>Adem\u00e1s, Gonz\u00e1lez destac\u00f3 su trabajo educativo en los colegios, ense\u00f1ando a los adolescentes a votar correctamente: <em>&#8220;Estoy recorriendo las escuelas con urnas y boletas verdaderas y otras como ejemplo. Cuando no tenemos votos, tenemos botas, a modo de eslogan,&#8221;<\/em> cerr\u00f3 el dirigente radical.<\/p>\n\n\n\n<figure class=\"wp-block-image size-large\"><img loading=\"lazy\" decoding=\"async\" width=\"961\" height=\"1024\" src=\"https:\/\/enlamira.info\/wp-content\/uploads\/2025\/05\/391fd79a-8648-4968-af04-3326376022d5-961x1024.jpg\" alt=\"\" class=\"wp-image-16676\" srcset=\"https:\/\/enlamira.info\/wp-content\/uploads\/2025\/05\/391fd79a-8648-4968-af04-3326376022d5-961x1024.jpg 961w, https:\/\/enlamira.info\/wp-content\/uploads\/2025\/05\/391fd79a-8648-4968-af04-3326376022d5-282x300.jpg 282w, https:\/\/enlamira.info\/wp-content\/uploads\/2025\/05\/391fd79a-8648-4968-af04-3326376022d5-768x818.jpg 768w, https:\/\/enlamira.info\/wp-content\/uploads\/2025\/05\/391fd79a-8648-4968-af04-3326376022d5-1442x1536.jpg 1442w, https:\/\/enlamira.info\/wp-content\/uploads\/2025\/05\/391fd79a-8648-4968-af04-3326376022d5.jpg 1502w\" sizes=\"(max-width: 961px) 100vw, 961px\" \/><\/figure>\n\n\n\n<hr class=\"wp-block-separator has-alpha-channel-opacity\"\/>\n\n\n\n<p>\ud83d\udcfb <em>La Voz del Vecino<\/em> \u2013 conducci\u00f3n: Marcelo Brunwald<br>\ud83d\udd59 martes a viernes, de 10 a 12 hs<br>\ud83d\udce1 impacto FM 93.9<\/p>\n\n\n\n<p>\ud83d\udcac \u00bfSer\u00e1 este el comienzo de una nueva era pol\u00edtica en la Argentina?<\/p>\n","protected":false},"excerpt":{"rendered":"<p>\ud83d\udcfb En el programa La Voz del Vecino, conducido por Marcelo Brunwald y transmitido de martes a viernes de 10 a 12 hs por Impacto FM 93.9, hablamos con el polit\u00f3logo Gustavo Dami\u00e1n Gonz\u00e1lez, quien hoy brindar\u00e1 una charla en el comit\u00e9 de Antonio Carbone, ubicado en Bah\u00eda Blanca 201, en Wilde, a las 19 [&hellip;]<\/p>\n","protected":false},"author":2,"featured_media":16677,"comment_status":"open","ping_status":"open","sticky":false,"template":"","format":"standard","meta":{"footnotes":""},"categories":[1,20,5],"tags":[1690],"_links":{"self":[{"href":"https:\/\/enlamira.info\/index.php\/wp-json\/wp\/v2\/posts\/16673"}],"collection":[{"href":"https:\/\/enlamira.info\/index.php\/wp-json\/wp\/v2\/posts"}],"about":[{"href":"https:\/\/enlamira.info\/index.php\/wp-json\/wp\/v2\/types\/post"}],"author":[{"embeddable":true,"href":"https:\/\/enlamira.info\/index.php\/wp-json\/wp\/v2\/users\/2"}],"replies":[{"embeddable":true,"href":"https:\/\/enlamira.info\/index.php\/wp-json\/wp\/v2\/comments?post=16673"}],"version-history":[{"count":1,"href":"https:\/\/enlamira.info\/index.php\/wp-json\/wp\/v2\/posts\/16673\/revisions"}],"predecessor-version":[{"id":16678,"href":"https:\/\/enlamira.info\/index.php\/wp-json\/wp\/v2\/posts\/16673\/revisions\/16678"}],"wp:featuredmedia":[{"embeddable":true,"href":"https:\/\/enlamira.info\/index.php\/wp-json\/wp\/v2\/media\/16677"}],"wp:attachment":[{"href":"https:\/\/enlamira.info\/index.php\/wp-json\/wp\/v2\/media?parent=16673"}],"wp:term":[{"taxonomy":"category","embeddable":true,"href":"https:\/\/enlamira.info\/index.php\/wp-json\/wp\/v2\/categories?post=16673"},{"taxonomy":"post_tag","embeddable":true,"href":"https:\/\/enlamira.info\/index.php\/wp-json\/wp\/v2\/tags?post=16673"}],"curies":[{"name":"wp","href":"https:\/\/api.w.org\/{rel}","templated":true}]}}