{"id":16672,"date":"2025-05-23T14:44:31","date_gmt":"2025-05-23T17:44:31","guid":{"rendered":"https:\/\/enlamira.info\/?p=16672"},"modified":"2025-05-23T14:44:31","modified_gmt":"2025-05-23T17:44:31","slug":"vecinos-de-villa-azul-siguen-bajo-el-agua-y-exigen-soluciones-urgentes","status":"publish","type":"post","link":"https:\/\/enlamira.info\/index.php\/2025\/05\/23\/vecinos-de-villa-azul-siguen-bajo-el-agua-y-exigen-soluciones-urgentes\/","title":{"rendered":"Vecinos de Villa Azul siguen bajo el agua y exigen soluciones urgentes"},"content":{"rendered":"\n<p>\ud83d\udcfb En el programa *La Voz del Vecino*, conducido por Marcelo Brunwald y transmitido de martes a viernes de 10 a 12 hs por Impacto FM 99.3, entrevistamos a Ainara D\u00edaz, vecina de Villa Azul, quien relat\u00f3 la dif\u00edcil situaci\u00f3n que atraviesan los vecinos tras las inundaciones de la semana pasada.<\/p>\n\n\n\n<p>#### una semana despu\u00e9s, el agua sigue dentro de las viviendas<\/p>\n\n\n\n<p>Las fuertes lluvias que se extendieron durante cuatro d\u00edas provocaron graves inundaciones en Villa Azul, una zona ubicada en el l\u00edmite entre Quilmes y Avellaneda. A pesar del tiempo transcurrido, el agua sigue dentro de las casas y en los pasillos de la villa, alcanzando hasta las rodillas.<\/p>\n\n\n\n<p>La ubicaci\u00f3n del barrio complica a\u00fan m\u00e1s la situaci\u00f3n, ya que algunas viviendas, como la de Ainara, est\u00e1n divididas entre ambos distritos, lo que dificulta la respuesta de las autoridades.<\/p>\n\n\n\n<p>los vecinos piden una audiencia con el gobernador y el intendente<\/p>\n\n\n\n<p>Hoy, los vecinos se enteraron de la presencia del gobernador Axel Kicillof y del intendente Jorge Ferraresi, quienes estuvieron entregando viviendas en la zona. Ante esto, exigen al menos cinco minutos de audiencia con ellos, para transmitirles la urgencia de su situaci\u00f3n y solicitar soluciones concretas.<\/p>\n\n\n\n<p>las obras necesarias para evitar futuras inundaciones<\/p>\n\n\n\n<p>\ud83d\udd39 \u00bfqu\u00e9 solicitan los vecinos?<br>&#8211; intervenci\u00f3n de obras p\u00fablicas de Quilmes y Avellaneda<br>&#8211; cavar una zanja para drenar el agua acumulada en las viviendas<br>&#8211; instalar ca\u00f1os de desag\u00fce para evitar nuevas inundaciones<br>&#8211; garantizar mejoras estructurales en la villa<\/p>\n\n\n\n<p>Sin medidas concretas, cada lluvia agrava el problema, afectando la salud y la calidad de vida de cientos de familias. Los vecinos siguen esperando respuestas y soluciones definitivas.<\/p>\n\n\n\n<p>\ud83d\udcfb *La Voz del Vecino* \u2013 conducci\u00f3n: Marcelo Brunwald<br>\ud83d\udd59 martes a viernes, de 10 a 12 hs<br>\ud83d\udce1 impacto fm 93.9<\/p>\n\n\n\n<p>\ud83d\udcac \u00bfescuchar\u00e1n las autoridades el reclamo de Villa Azul?<\/p>\n\n\n\n<figure class=\"wp-block-embed is-type-video is-provider-youtube wp-block-embed-youtube wp-embed-aspect-16-9 wp-has-aspect-ratio\"><div class=\"wp-block-embed__wrapper\">\n<iframe loading=\"lazy\" title=\"WhatsApp Video 2025 05 21 at 12 23 04\" width=\"640\" height=\"360\" src=\"https:\/\/www.youtube.com\/embed\/cnUWl8xJ_VI?feature=oembed\" frameborder=\"0\" allow=\"accelerometer; autoplay; clipboard-write; encrypted-media; gyroscope; picture-in-picture; web-share\" referrerpolicy=\"strict-origin-when-cross-origin\" allowfullscreen><\/iframe>\n<\/div><\/figure>\n","protected":false},"excerpt":{"rendered":"<p>\ud83d\udcfb En el programa *La Voz del Vecino*, conducido por Marcelo Brunwald y transmitido de martes a viernes de 10 a 12 hs por Impacto FM 99.3, entrevistamos a Ainara D\u00edaz, vecina de Villa Azul, quien relat\u00f3 la dif\u00edcil situaci\u00f3n que atraviesan los vecinos tras las inundaciones de la semana pasada. #### una semana despu\u00e9s, [&hellip;]<\/p>\n","protected":false},"author":2,"featured_media":16674,"comment_status":"open","ping_status":"open","sticky":false,"template":"","format":"standard","meta":{"footnotes":""},"categories":[1],"tags":[],"_links":{"self":[{"href":"https:\/\/enlamira.info\/index.php\/wp-json\/wp\/v2\/posts\/16672"}],"collection":[{"href":"https:\/\/enlamira.info\/index.php\/wp-json\/wp\/v2\/posts"}],"about":[{"href":"https:\/\/enlamira.info\/index.php\/wp-json\/wp\/v2\/types\/post"}],"author":[{"embeddable":true,"href":"https:\/\/enlamira.info\/index.php\/wp-json\/wp\/v2\/users\/2"}],"replies":[{"embeddable":true,"href":"https:\/\/enlamira.info\/index.php\/wp-json\/wp\/v2\/comments?post=16672"}],"version-history":[{"count":1,"href":"https:\/\/enlamira.info\/index.php\/wp-json\/wp\/v2\/posts\/16672\/revisions"}],"predecessor-version":[{"id":16675,"href":"https:\/\/enlamira.info\/index.php\/wp-json\/wp\/v2\/posts\/16672\/revisions\/16675"}],"wp:featuredmedia":[{"embeddable":true,"href":"https:\/\/enlamira.info\/index.php\/wp-json\/wp\/v2\/media\/16674"}],"wp:attachment":[{"href":"https:\/\/enlamira.info\/index.php\/wp-json\/wp\/v2\/media?parent=16672"}],"wp:term":[{"taxonomy":"category","embeddable":true,"href":"https:\/\/enlamira.info\/index.php\/wp-json\/wp\/v2\/categories?post=16672"},{"taxonomy":"post_tag","embeddable":true,"href":"https:\/\/enlamira.info\/index.php\/wp-json\/wp\/v2\/tags?post=16672"}],"curies":[{"name":"wp","href":"https:\/\/api.w.org\/{rel}","templated":true}]}}