{"id":16664,"date":"2025-05-23T13:35:42","date_gmt":"2025-05-23T16:35:42","guid":{"rendered":"https:\/\/enlamira.info\/?p=16664"},"modified":"2025-05-23T13:35:42","modified_gmt":"2025-05-23T16:35:42","slug":"licitan-por-30-anos-el-paseo-comercial-de-la-calle-humberto-primo-y-exigen-un-hospital-en-quilmes-oeste-a-cambio","status":"publish","type":"post","link":"https:\/\/enlamira.info\/index.php\/2025\/05\/23\/licitan-por-30-anos-el-paseo-comercial-de-la-calle-humberto-primo-y-exigen-un-hospital-en-quilmes-oeste-a-cambio\/","title":{"rendered":"Licitan por 30 a\u00f1os el paseo comercial de la calle Humberto Primo y exigen un hospital en Quilmes Oeste a cambio"},"content":{"rendered":"\n<p><a href=\"https:\/\/diario5dias.com.ar\/images\/noticias\/Unimarc1a.jpg\" target=\"_blank\" rel=\"noreferrer noopener\"><\/a><\/p>\n\n\n\n<p><em>El martes pr\u00f3ximo el Concejo Deliberante de Quilmes estar\u00e1 aprobando una autorizaci\u00f3n para el llamado a licitaci\u00f3n de una manzana emblem\u00e1tica de la ciudad.<\/em><\/p>\n\n\n\n<p>El secretario de Comunicaciones del Municipio de Quilmes, Alberto De Fazio, confirm\u00f3 que la comuna llamar\u00e1 a licitaci\u00f3n p\u00fablica para una nueva concesi\u00f3n por 30 a\u00f1os del paseo comercial ubicado en el predio de Humberto Primo y Lavalle. La actual concesi\u00f3n \u2014que rige desde 1996\u2014 vence a fines de 2026, y el gobierno local ya prepara el nuevo pliego, que contempla un intercambio por la construcci\u00f3n de un hospital en el Oeste del distrito.<\/p>\n\n\n\n<p>\u201cEl predio no se puede vender, pero s\u00ed se puede concesionar\u201d, explic\u00f3 De Fazio en di\u00e1logo con este medio. Y agreg\u00f3: \u201cEn lugar de extender la concesi\u00f3n vigente por 10 a\u00f1os m\u00e1s, como permite la ley org\u00e1nica, decidimos abrir una nueva licitaci\u00f3n y canjear ese canon por un hospital. El municipio no va a recibir dinero, va a recibir obra\u201d.<\/p>\n\n\n\n<p>Una historia que comenz\u00f3 en los \u201890<\/p>\n\n\n\n<p>El paseo comercial fue concesionado originalmente durante la gesti\u00f3n de Federico Scarabino, bajo una figura legal provincial ya derogada conocida como \u201cConcurso de Proyectos Integrales\u201d. Seg\u00fan De Fazio, en ese entonces el edificio municipal de Sarmiento 625 presentaba serios problemas estructurales, y la comuna necesitaba un nuevo centro administrativo.<\/p>\n\n\n\n<p>\u201cEl municipio de Alberdi 500 se construy\u00f3 gracias a ese convenio. A cambio de la concesi\u00f3n, una empresa del grupo chileno Unimarc edific\u00f3 la sede actual (Alberdi 500)\u201d, record\u00f3. \u201cLa ordenanza es del 96, as\u00ed que los 30 a\u00f1os se cumplen a fines del a\u00f1o que viene\u201d.<\/p>\n\n\n\n<p>\u00bfQu\u00e9 pasar\u00e1 con los actuales concesionarios?<\/p>\n\n\n\n<p>El secretario aclar\u00f3 que el nuevo llamado ser\u00e1 abierto y competitivo, y no contempla prioridad para los actuales ocupantes del predio. \u201cNo est\u00e1 previsto en ning\u00fan lado. Es una licitaci\u00f3n p\u00fablica: cualquiera puede presentarse y hacer su oferta\u201d, sostuvo.<\/p>\n\n\n\n<p>Adem\u00e1s, detall\u00f3 que la ley org\u00e1nica establece que el canon que perciba el municipio no puede ser inferior al 10% de la valuaci\u00f3n fiscal del terreno durante los 30 a\u00f1os. \u201cEse es el piso sobre el cual las empresas ofertan. Quien gane deber\u00e1 construir un hospital llave en mano, con proyecto y obra incluidos\u201d, explic\u00f3.<\/p>\n\n\n\n<p>\u00bfD\u00f3nde se levantar\u00e1 el nuevo hospital?<\/p>\n\n\n\n<p>Aunque a\u00fan no hay una definici\u00f3n oficial, De Fazio adelant\u00f3 que el Municipio baraja \u201cdos o tres ubicaciones posibles\u201d para levantar el nuevo centro de salud, que tendr\u00eda internaci\u00f3n y terapia intensiva, pero en Quilmes Oeste. \u201cLa idea no es hacer una salita o un dispensario. Queremos un hospital que complemente al Isidoro Iriarte, que est\u00e1 colapsado, es muy viejo y mal ubicado para los vecinos del oeste\u201d, argument\u00f3.<\/p>\n\n\n\n<p>De Fazio record\u00f3 que en 2011, cuando era senador, impuls\u00f3 junto al entonces intendente Francisco \u201cBarba\u201d Guti\u00e9rrez un proyecto para solicitar un hospital nuevo a la Provincia. \u201cEl Iriarte tiene 100 a\u00f1os. Es una estructura que ya no da m\u00e1s. Por eso esto es una buena iniciativa\u201d, subray\u00f3.<\/p>\n\n\n\n<p>\u00bfQui\u00e9n se har\u00e1 cargo del mantenimiento?<\/p>\n\n\n\n<p>Frente a las cr\u00edticas por dejar a la pr\u00f3xima gesti\u00f3n el costo operativo del nuevo hospital, el funcionario explic\u00f3 que la coparticipaci\u00f3n provincial contempla variables como la cantidad de camas disponibles en cada municipio. \u201cEso ayuda a financiar parte del funcionamiento sin mayores problemas. La inversi\u00f3n inicial es del concesionario; el municipio no pone dinero\u201d, concluy\u00f3.<\/p>\n","protected":false},"excerpt":{"rendered":"<p>El martes pr\u00f3ximo el Concejo Deliberante de Quilmes estar\u00e1 aprobando una autorizaci\u00f3n para el llamado a licitaci\u00f3n de una manzana emblem\u00e1tica de la ciudad. El secretario de Comunicaciones del Municipio de Quilmes, Alberto De Fazio, confirm\u00f3 que la comuna llamar\u00e1 a licitaci\u00f3n p\u00fablica para una nueva concesi\u00f3n por 30 a\u00f1os del paseo comercial ubicado en [&hellip;]<\/p>\n","protected":false},"author":2,"featured_media":16666,"comment_status":"open","ping_status":"open","sticky":false,"template":"","format":"standard","meta":{"footnotes":""},"categories":[1],"tags":[1661],"_links":{"self":[{"href":"https:\/\/enlamira.info\/index.php\/wp-json\/wp\/v2\/posts\/16664"}],"collection":[{"href":"https:\/\/enlamira.info\/index.php\/wp-json\/wp\/v2\/posts"}],"about":[{"href":"https:\/\/enlamira.info\/index.php\/wp-json\/wp\/v2\/types\/post"}],"author":[{"embeddable":true,"href":"https:\/\/enlamira.info\/index.php\/wp-json\/wp\/v2\/users\/2"}],"replies":[{"embeddable":true,"href":"https:\/\/enlamira.info\/index.php\/wp-json\/wp\/v2\/comments?post=16664"}],"version-history":[{"count":1,"href":"https:\/\/enlamira.info\/index.php\/wp-json\/wp\/v2\/posts\/16664\/revisions"}],"predecessor-version":[{"id":16667,"href":"https:\/\/enlamira.info\/index.php\/wp-json\/wp\/v2\/posts\/16664\/revisions\/16667"}],"wp:featuredmedia":[{"embeddable":true,"href":"https:\/\/enlamira.info\/index.php\/wp-json\/wp\/v2\/media\/16666"}],"wp:attachment":[{"href":"https:\/\/enlamira.info\/index.php\/wp-json\/wp\/v2\/media?parent=16664"}],"wp:term":[{"taxonomy":"category","embeddable":true,"href":"https:\/\/enlamira.info\/index.php\/wp-json\/wp\/v2\/categories?post=16664"},{"taxonomy":"post_tag","embeddable":true,"href":"https:\/\/enlamira.info\/index.php\/wp-json\/wp\/v2\/tags?post=16664"}],"curies":[{"name":"wp","href":"https:\/\/api.w.org\/{rel}","templated":true}]}}