{"id":16663,"date":"2025-05-23T13:53:03","date_gmt":"2025-05-23T16:53:03","guid":{"rendered":"https:\/\/enlamira.info\/?p=16663"},"modified":"2025-05-23T13:53:03","modified_gmt":"2025-05-23T16:53:03","slug":"urgente-fatima-y-su-hijo-necesitan-un-lugar-para-vivir","status":"publish","type":"post","link":"https:\/\/enlamira.info\/index.php\/2025\/05\/23\/urgente-fatima-y-su-hijo-necesitan-un-lugar-para-vivir\/","title":{"rendered":"Urgente: F\u00e1tima y su hijo necesitan un lugar para vivir"},"content":{"rendered":"\n<p>El s\u00e1bado en la madrugada, un desperfecto el\u00e9ctrico provoc\u00f3 un incendio devastador en la vivienda de <strong>F\u00e1tima Rold\u00e1n<\/strong>, madre soltera de <strong>un ni\u00f1o de 4 a\u00f1os con autismo<\/strong>. En cuesti\u00f3n de minutos, el fuego consumi\u00f3 su casa por completo, dej\u00e1ndolos sin nada. Con valent\u00eda, logr\u00f3 rescatar a su hijo con una manta y salir del lugar. Aunque llam\u00f3 al 911, cuando los bomberos llegaron, la casa ya estaba reducida a cenizas.<\/p>\n\n\n\n<p>Actualmente, <strong>se encuentra en la casa de su madre en Luis Mar\u00eda Campos 411, casi Ameghino, en Bernal Oeste<\/strong>, pero all\u00ed solo se permite vivir a una persona. <strong>En cualquier momento, ella y su hijo deber\u00e1n abandonar el lugar<\/strong>, por lo que <strong>necesitan con urgencia encontrar un alquiler accesible<\/strong>.<\/p>\n\n\n\n<p>F\u00e1tima <strong>tiene trabajo y puede pagar un alquiler<\/strong>, pero necesita ayuda para encontrar una vivienda de <strong>dos ambientes<\/strong> donde pueda recomenzar con su hijo. Debido a la falta de recursos tras el incendio, <strong>requiere condiciones flexibles para el ingreso<\/strong>, ya que le piden varios meses de adelanto, algo imposible en este momento cr\u00edtico.<\/p>\n\n\n\n<p>Hasta ahora, la \u00fanica asistencia recibida de la municipalidad han sido <strong>dos colchones<\/strong>, pero a\u00fan falta todo lo dem\u00e1s. <strong>No solicita dinero<\/strong>, solo apoyo para <strong>conseguir un espacio y reunir muebles y elementos esenciales<\/strong> para su nuevo hogar.<\/p>\n\n\n\n<p>Adem\u00e1s de ser una madre luchadora, F\u00e1tima forma parte del <strong>Colectivo Solidario de Avellaneda<\/strong>, donde cocina para personas en situaci\u00f3n de calle. Hoy, es ella quien necesita la ayuda de todos.<\/p>\n\n\n\n<p>\ud83d\udcfb En una entrevista en el programa <em>La Voz del Vecino<\/em>, conducido por <strong>Marcelo Brunwald<\/strong>, que se transmite de <strong>martes a viernes de 10 a 12 hs por FM ImpactoSur<\/strong>, F\u00e1tima relat\u00f3 el tr\u00e1gico incendio y la dif\u00edcil situaci\u00f3n que enfrenta junto a su hijo.<\/p>\n\n\n\n<p>\ud83d\udcde <strong>Contacto para colaborar: F\u00e1tima Rold\u00e1n &#8211; +54 9 11 2662-9227<\/strong><\/p>\n","protected":false},"excerpt":{"rendered":"<p>El s\u00e1bado en la madrugada, un desperfecto el\u00e9ctrico provoc\u00f3 un incendio devastador en la vivienda de F\u00e1tima Rold\u00e1n, madre soltera de un ni\u00f1o de 4 a\u00f1os con autismo. En cuesti\u00f3n de minutos, el fuego consumi\u00f3 su casa por completo, dej\u00e1ndolos sin nada. Con valent\u00eda, logr\u00f3 rescatar a su hijo con una manta y salir del [&hellip;]<\/p>\n","protected":false},"author":2,"featured_media":16670,"comment_status":"open","ping_status":"open","sticky":false,"template":"","format":"standard","meta":{"footnotes":""},"categories":[1],"tags":[1689],"_links":{"self":[{"href":"https:\/\/enlamira.info\/index.php\/wp-json\/wp\/v2\/posts\/16663"}],"collection":[{"href":"https:\/\/enlamira.info\/index.php\/wp-json\/wp\/v2\/posts"}],"about":[{"href":"https:\/\/enlamira.info\/index.php\/wp-json\/wp\/v2\/types\/post"}],"author":[{"embeddable":true,"href":"https:\/\/enlamira.info\/index.php\/wp-json\/wp\/v2\/users\/2"}],"replies":[{"embeddable":true,"href":"https:\/\/enlamira.info\/index.php\/wp-json\/wp\/v2\/comments?post=16663"}],"version-history":[{"count":1,"href":"https:\/\/enlamira.info\/index.php\/wp-json\/wp\/v2\/posts\/16663\/revisions"}],"predecessor-version":[{"id":16671,"href":"https:\/\/enlamira.info\/index.php\/wp-json\/wp\/v2\/posts\/16663\/revisions\/16671"}],"wp:featuredmedia":[{"embeddable":true,"href":"https:\/\/enlamira.info\/index.php\/wp-json\/wp\/v2\/media\/16670"}],"wp:attachment":[{"href":"https:\/\/enlamira.info\/index.php\/wp-json\/wp\/v2\/media?parent=16663"}],"wp:term":[{"taxonomy":"category","embeddable":true,"href":"https:\/\/enlamira.info\/index.php\/wp-json\/wp\/v2\/categories?post=16663"},{"taxonomy":"post_tag","embeddable":true,"href":"https:\/\/enlamira.info\/index.php\/wp-json\/wp\/v2\/tags?post=16663"}],"curies":[{"name":"wp","href":"https:\/\/api.w.org\/{rel}","templated":true}]}}