{"id":16654,"date":"2025-05-22T22:04:08","date_gmt":"2025-05-23T01:04:08","guid":{"rendered":"https:\/\/enlamira.info\/?p=16654"},"modified":"2025-05-22T22:04:08","modified_gmt":"2025-05-23T01:04:08","slug":"brutal-intento-de-usurpacion-una-familia-de-bernal-lucha-por-su-hogar","status":"publish","type":"post","link":"https:\/\/enlamira.info\/index.php\/2025\/05\/22\/brutal-intento-de-usurpacion-una-familia-de-bernal-lucha-por-su-hogar\/","title":{"rendered":"Brutal intento de usurpaci\u00f3n: una familia de Bernal lucha por su hogar"},"content":{"rendered":"\n<h3 class=\"wp-block-heading\"><\/h3>\n\n\n\n<p>La historia de esta familia es un reflejo de las situaciones extremas que pueden derivarse de conflictos personales y legales. En di\u00e1logo con <em>La Voz del Vecino<\/em>, un vecino denunci\u00f3 un <strong>intento de usurpaci\u00f3n sistem\u00e1tico<\/strong>, con amenazas y maniobras legales cuestionables que lo dejaron sin su hogar (Pilcomayo 3311 entre la 163 y 163 bis)<\/p>\n\n\n\n<p><em>&#8220;Yo vivo en la casa de mis padres desde que nac\u00ed, figura en mi DNI, y siempre fue mi hogar. La compraron mi mam\u00e1 y mi pap\u00e1 cuando eran pareja, hace muchos a\u00f1os. Actualmente mi pap\u00e1 no vive con nosotros, est\u00e1 enfermo, tiene un CUD por un ACV y otros problemas de salud&#8221;<\/em>, explic\u00f3 el denunciante.<\/p>\n\n\n\n<p>Sin embargo, todo cambi\u00f3 cuando su madre inici\u00f3 una relaci\u00f3n con un hombre llamado <strong>Celso<\/strong>, quien fue incorpor\u00e1ndose a la casa y generando conflictos junto con su hijo. <em>&#8220;El hijo le cort\u00f3 la cara a mi hermano y por cuesti\u00f3n de cent\u00edmetros no lo mat\u00f3&#8221;<\/em>, relat\u00f3. A ra\u00edz de estos episodios, Celso fue <strong>excluido legalmente<\/strong> del hogar.<\/p>\n\n\n\n<p>El problema escal\u00f3 cuando, seg\u00fan denunci\u00f3, <strong>Celso manipul\u00f3 a su madre<\/strong>, quien tambi\u00e9n est\u00e1 en una condici\u00f3n vulnerable tras haber sufrido dos ACV y tomar medicaci\u00f3n psiqui\u00e1trica. As\u00ed lograron que se pida la <strong>exclusi\u00f3n del propio denunciante de su casa<\/strong>, a pesar de que no hab\u00eda pruebas concretas en su contra. <em>&#8220;Apelamos la medida, pero el juzgado cometi\u00f3 un error y no tomaron en cuenta nuestra apelaci\u00f3n. As\u00ed que la exclusi\u00f3n sigue vigente&#8221;<\/em>, se\u00f1al\u00f3.<\/p>\n\n\n\n<p>Mientras tanto, Celso viol\u00f3 su propia exclusi\u00f3n en reiteradas ocasiones. <em>&#8220;Volvi\u00f3 a la casa, se llev\u00f3 cosas, dej\u00f3 un &#8216;cuidador&#8217; que no tiene ning\u00fan derecho, e incluso hubo amenazas hacia m\u00ed, mi familia y vecinos&#8221;<\/em>, denunci\u00f3. Esto llev\u00f3 al juzgado a ordenar que su abogado lo denuncie penalmente, adem\u00e1s de descubrir que su hija tambi\u00e9n ten\u00eda una perimetral que rompi\u00f3 varias veces.<\/p>\n\n\n\n<p>Ante la gravedad de la situaci\u00f3n, iniciaron un <strong>tr\u00e1mite de usucapi\u00f3n<\/strong> y solicitaron una <strong>medida cautelar<\/strong> para proteger la propiedad. Tambi\u00e9n avanzan con la <strong>curatela de su madre<\/strong>, dado que consideran que no puede tomar decisiones de manera aut\u00f3noma.<\/p>\n\n\n\n<p>Recientemente, Celso se llev\u00f3 a su madre a otro lugar, dejando la casa vac\u00eda. <em>&#8220;Mi abogado ya pidi\u00f3 al juzgado que me autoricen a volver, ya que la persona que pidi\u00f3 mi exclusi\u00f3n ya no vive m\u00e1s ah\u00ed&#8221;<\/em>, explic\u00f3. A pesar de esto, en el \u00faltimo tiempo <strong>intentaron usurpar la casa tres veces<\/strong>, llegaron a <strong>robar la c\u00e1mara de seguridad<\/strong>, y por ello decidi\u00f3 colocar a una persona de confianza para cuidar el inmueble.<\/p>\n\n\n\n<p><em>&#8220;Estamos haciendo todo por la v\u00eda legal y esperamos que nos autoricen formalmente a volver. Nos aseguramos de que no puedan hacer ninguna venta trucha ni por papeles falsos, ya que la casa no tiene escritura ni papeles claros&#8221;<\/em>, sostuvo, dejando en evidencia la complejidad de su lucha por recuperar su hogar.<\/p>\n\n\n\n<p>Desde <em>La Voz del Vecino<\/em>, seguimos de cerca esta situaci\u00f3n y esperamos que la justicia brinde una resoluci\u00f3n justa a este conflicto.<\/p>\n","protected":false},"excerpt":{"rendered":"<p>La historia de esta familia es un reflejo de las situaciones extremas que pueden derivarse de conflictos personales y legales. En di\u00e1logo con La Voz del Vecino, un vecino denunci\u00f3 un intento de usurpaci\u00f3n sistem\u00e1tico, con amenazas y maniobras legales cuestionables que lo dejaron sin su hogar (Pilcomayo 3311 entre la 163 y 163 bis) [&hellip;]<\/p>\n","protected":false},"author":2,"featured_media":16655,"comment_status":"open","ping_status":"open","sticky":false,"template":"","format":"standard","meta":{"footnotes":""},"categories":[1,32],"tags":[1658],"_links":{"self":[{"href":"https:\/\/enlamira.info\/index.php\/wp-json\/wp\/v2\/posts\/16654"}],"collection":[{"href":"https:\/\/enlamira.info\/index.php\/wp-json\/wp\/v2\/posts"}],"about":[{"href":"https:\/\/enlamira.info\/index.php\/wp-json\/wp\/v2\/types\/post"}],"author":[{"embeddable":true,"href":"https:\/\/enlamira.info\/index.php\/wp-json\/wp\/v2\/users\/2"}],"replies":[{"embeddable":true,"href":"https:\/\/enlamira.info\/index.php\/wp-json\/wp\/v2\/comments?post=16654"}],"version-history":[{"count":1,"href":"https:\/\/enlamira.info\/index.php\/wp-json\/wp\/v2\/posts\/16654\/revisions"}],"predecessor-version":[{"id":16656,"href":"https:\/\/enlamira.info\/index.php\/wp-json\/wp\/v2\/posts\/16654\/revisions\/16656"}],"wp:featuredmedia":[{"embeddable":true,"href":"https:\/\/enlamira.info\/index.php\/wp-json\/wp\/v2\/media\/16655"}],"wp:attachment":[{"href":"https:\/\/enlamira.info\/index.php\/wp-json\/wp\/v2\/media?parent=16654"}],"wp:term":[{"taxonomy":"category","embeddable":true,"href":"https:\/\/enlamira.info\/index.php\/wp-json\/wp\/v2\/categories?post=16654"},{"taxonomy":"post_tag","embeddable":true,"href":"https:\/\/enlamira.info\/index.php\/wp-json\/wp\/v2\/tags?post=16654"}],"curies":[{"name":"wp","href":"https:\/\/api.w.org\/{rel}","templated":true}]}}