{"id":16616,"date":"2025-05-22T09:46:11","date_gmt":"2025-05-22T12:46:11","guid":{"rendered":"https:\/\/enlamira.info\/?p=16616"},"modified":"2025-05-22T09:46:11","modified_gmt":"2025-05-22T12:46:11","slug":"lanus-gobierno-firmo-un-convenio-para-que-las-y-los-vecinos-obtengan-descuentos-en-carnicerias","status":"publish","type":"post","link":"https:\/\/enlamira.info\/index.php\/2025\/05\/22\/lanus-gobierno-firmo-un-convenio-para-que-las-y-los-vecinos-obtengan-descuentos-en-carnicerias\/","title":{"rendered":"Lan\u00fas Gobierno firm\u00f3 un convenio para que las y los vecinos obtengan descuentos en carnicer\u00edas"},"content":{"rendered":"\n<p>Lan\u00fas Gobierno firm\u00f3 un convenio con el Sindicato de la Carne para que las y los vecinos obtengan importantes descuentos en carnicer\u00edas del distrito. El acuerdo sellado por el intendente, Juli\u00e1n \u00c1lvarez, y el secretario General del Sindicato de la Carne, Miguel \u00c1ngel Otero, tambi\u00e9n busca fortalecer las ventas en los comercios de cercan\u00eda.<\/p>\n\n\n\n<p>\u201cEl contexto econ\u00f3mico requiere de acciones concretas que promuevan el empleo y garanticen la adquisici\u00f3n de alimentos a precios populares. En ese sentido, la industria de la carne es un sector activo y estrat\u00e9gico en Lan\u00fas\u201d, indic\u00f3 el Intendente.<\/p>\n\n\n\n<p>La propuesta contempla los siguientes beneficios:<\/p>\n\n\n\n<ul>\n<li>Descuento del 15% para jubilados y pensionados de Lan\u00fas (todos los lunes con un l\u00edmite de hasta 2 kg. por persona, y por d\u00eda, sobre cualquier tipo de corte de carne). Se puede abonar con cualquier medio de pago.<\/li>\n<\/ul>\n\n\n\n<ul>\n<li>Descuento del 10% para todos los vecinos y vecinas de Lan\u00fas los martes y jueves de cada semana, sin l\u00edmite de compra diario. Se abona en efectivo.<\/li>\n<\/ul>\n\n\n\n<p>Adem\u00e1s, la medida&nbsp; incluye el dise\u00f1o y dictado de capacitaciones con pr\u00e1ctica profesional en carnicer\u00edas del distrito. Con este \u00edtem, se busca facilitar la inserci\u00f3n laboral de la poblaci\u00f3n mediante el acceso a puestos de empleo de calidad.<\/p>\n\n\n\n<p>Los comercios que se sumaron a este programa son los siguientes:<\/p>\n\n\n\n<ul>\n<li>Carnicer\u00edas MR<\/li>\n<\/ul>\n\n\n\n<p>Avenida Eva Per\u00f3n 4231<\/p>\n\n\n\n<p>Avenida Eva Per\u00f3n 3344<\/p>\n\n\n\n<p>Avenida Eva Per\u00f3n 2398<\/p>\n\n\n\n<p>Noya 2599<\/p>\n\n\n\n<p>Avenida San Mart\u00edn 3500<\/p>\n\n\n\n<p>Avenida San Mart\u00edn 4350<\/p>\n\n\n\n<p>Marrasp\u00edn 4391<\/p>\n\n\n\n<ul>\n<li>Carnicer\u00edas FAMILIBEL<\/li>\n<\/ul>\n\n\n\n<p>San Mart\u00edn 701, Lan\u00fas Oeste.<\/p>\n\n\n\n<p>Pedrera 1496, Lan\u00fas Oeste.<\/p>\n\n\n\n<ul>\n<li>Carnicer\u00eda La Marca La Mejor Carne de Lan\u00fas<\/li>\n<\/ul>\n\n\n\n<p>29 de Septiembre 1984, Lan\u00fas Este.<\/p>\n\n\n\n<ul>\n<li>Carnicer\u00eda La Curva<\/li>\n<\/ul>\n\n\n\n<p>Avenida Gral. Jos\u00e9 de San Mart\u00edn 4169, Lan\u00fas Oeste.<\/p>\n\n\n\n<ul>\n<li>Carnicer\u00eda Campos del Sur<\/li>\n<\/ul>\n\n\n\n<p>Marco Avellaneda y Libertad, Lan\u00fas Oeste<\/p>\n\n\n\n<p>Avenida San Mart\u00edn 3959, Lan\u00fas Oeste.<\/p>\n\n\n\n<p>Estuvieron junto al Intendente, el secretario de Producci\u00f3n, Comercio y Empleo, Sebasti\u00e1n Tibaldi y el dirigente Edgardo Depetri, entre otros.<\/p>\n","protected":false},"excerpt":{"rendered":"<p>Lan\u00fas Gobierno firm\u00f3 un convenio con el Sindicato de la Carne para que las y los vecinos obtengan importantes descuentos en carnicer\u00edas del distrito. El acuerdo sellado por el intendente, Juli\u00e1n \u00c1lvarez, y el secretario General del Sindicato de la Carne, Miguel \u00c1ngel Otero, tambi\u00e9n busca fortalecer las ventas en los comercios de cercan\u00eda. \u201cEl [&hellip;]<\/p>\n","protected":false},"author":2,"featured_media":16617,"comment_status":"open","ping_status":"open","sticky":false,"template":"","format":"standard","meta":{"footnotes":""},"categories":[1],"tags":[1651],"_links":{"self":[{"href":"https:\/\/enlamira.info\/index.php\/wp-json\/wp\/v2\/posts\/16616"}],"collection":[{"href":"https:\/\/enlamira.info\/index.php\/wp-json\/wp\/v2\/posts"}],"about":[{"href":"https:\/\/enlamira.info\/index.php\/wp-json\/wp\/v2\/types\/post"}],"author":[{"embeddable":true,"href":"https:\/\/enlamira.info\/index.php\/wp-json\/wp\/v2\/users\/2"}],"replies":[{"embeddable":true,"href":"https:\/\/enlamira.info\/index.php\/wp-json\/wp\/v2\/comments?post=16616"}],"version-history":[{"count":1,"href":"https:\/\/enlamira.info\/index.php\/wp-json\/wp\/v2\/posts\/16616\/revisions"}],"predecessor-version":[{"id":16618,"href":"https:\/\/enlamira.info\/index.php\/wp-json\/wp\/v2\/posts\/16616\/revisions\/16618"}],"wp:featuredmedia":[{"embeddable":true,"href":"https:\/\/enlamira.info\/index.php\/wp-json\/wp\/v2\/media\/16617"}],"wp:attachment":[{"href":"https:\/\/enlamira.info\/index.php\/wp-json\/wp\/v2\/media?parent=16616"}],"wp:term":[{"taxonomy":"category","embeddable":true,"href":"https:\/\/enlamira.info\/index.php\/wp-json\/wp\/v2\/categories?post=16616"},{"taxonomy":"post_tag","embeddable":true,"href":"https:\/\/enlamira.info\/index.php\/wp-json\/wp\/v2\/tags?post=16616"}],"curies":[{"name":"wp","href":"https:\/\/api.w.org\/{rel}","templated":true}]}}