{"id":16572,"date":"2025-05-20T21:32:44","date_gmt":"2025-05-21T00:32:44","guid":{"rendered":"https:\/\/enlamira.info\/?p=16572"},"modified":"2025-05-20T21:33:49","modified_gmt":"2025-05-21T00:33:49","slug":"caso-autodromo-de-avellaneda-vecinos-exigen-reunion-con-ferraresi","status":"publish","type":"post","link":"https:\/\/enlamira.info\/index.php\/2025\/05\/20\/caso-autodromo-de-avellaneda-vecinos-exigen-reunion-con-ferraresi\/","title":{"rendered":"Caso Aut\u00f3dromo de Avellaneda: vecinos exigen reuni\u00f3n con Ferraresi"},"content":{"rendered":"\n<p>La comunidad del <strong>Aut\u00f3dromo de Avellaneda<\/strong> sigue en pie de lucha ante la falta de respuestas del municipio. En una entrevista exclusiva para el programa <strong>La Voz del Vecino<\/strong>, conducido por <strong>Marcelo Brunwald<\/strong> y emitido por <strong>FM Impacto<\/strong>, los representantes del aut\u00f3dromo denunciaron que <strong>hace 15 d\u00edas presentaron un petitorio en mesa de entradas solicitando una reuni\u00f3n con el intendente Jorge Ferraresi<\/strong>, pero hasta el momento <strong>no han sido recibidos<\/strong>.<\/p>\n\n\n\n<p>El aut\u00f3dromo no solo es un espacio de recreaci\u00f3n y deporte, sino que cumple un rol fundamental en la <strong>seguridad vial<\/strong>, evitando que j\u00f3venes y adultos realicen <strong>picadas ilegales<\/strong> en las calles de la ciudad. Adem\u00e1s, el propio Ferraresi ha promocionado el aut\u00f3dromo en ferias provinciales como un <strong>\u00edcono del turismo<\/strong>, destacando su impacto en la actividad automovil\u00edstica.<\/p>\n\n\n\n<p>Lorena, una de las entrevistadas, record\u00f3 que el aut\u00f3dromo fue responsable del <strong>primer mejorado de la calle Juan B. Justo hace m\u00e1s de 25 a\u00f1os<\/strong> y que, junto a la directora de la <strong>Escuela N\u00b0 47, Marcela Basalo<\/strong>, y la cocinera <strong>Mirta Parodi<\/strong>, instalaron los primeros <strong>pilotes guardarray<\/strong> para evitar que el colectivo que transportaba ni\u00f1os de la zona del Tri\u00e1ngulo a la escuela rural cayera al barranco del <strong>Arroyo Santo Domingo<\/strong>.<\/p>\n\n\n\n<p>Las denuncias apuntan a un <strong>negocio inmobiliario detr\u00e1s de la rezonificaci\u00f3n<\/strong> impulsada por el municipio. En un principio, los propietarios pagaban <strong>50 mil pesos<\/strong>, pero <strong>pocos meses despu\u00e9s la cifra ascendi\u00f3 a 5 millones de pesos<\/strong> en impuestos, lo que gener\u00f3 un fuerte impacto econ\u00f3mico.<\/p>\n\n\n\n<p>Durante una protesta frente al aut\u00f3dromo, un <strong>inspector municipal asegur\u00f3 que no tomar\u00eda patentes ni aplicar\u00eda multas<\/strong>, pero varios manifestantes recibieron <strong>infracciones por mal estacionamiento<\/strong>, lo que consideran una <strong>traici\u00f3n a la palabra dada<\/strong>.<\/p>\n\n\n\n<p>Los vecinos no descartan una <strong>movilizaci\u00f3n al municipio<\/strong> para exigir respuestas. &#8220;Es nuestro lugar en el mundo, nuestra identidad como vecinos de Avellaneda. Ni este intendente ni nadie puede cambiar eso&#8221;, expres\u00f3 Lorena.<\/p>\n\n\n\n<p>Karina Hern\u00e1ndez, otra de las entrevistadas, sostuvo que <strong>el avance contra el aut\u00f3dromo es solo el comienzo<\/strong> y que <strong>despu\u00e9s ir\u00e1n por los dem\u00e1s vecinos<\/strong>. &#8220;Seguramente hay un negocio inmobiliario detr\u00e1s de todo esto. Algunos especulan que quieren instalar una <strong>terminal de contenedores<\/strong> por la cercan\u00eda estrat\u00e9gica al puerto&#8221;, advirti\u00f3.<\/p>\n\n\n\n<p>El conflicto sigue abierto y la comunidad se mantiene en alerta ante lo que consideran un <strong>intento de despojo de un espacio emblem\u00e1tico<\/strong>.<\/p>\n\n\n\n<figure class=\"wp-block-embed is-type-video is-provider-youtube wp-block-embed-youtube wp-embed-aspect-16-9 wp-has-aspect-ratio\"><div class=\"wp-block-embed__wrapper\">\n<iframe loading=\"lazy\" title=\"LA VOZ DEL VECINO (20-05-2025)\" width=\"640\" height=\"360\" src=\"https:\/\/www.youtube.com\/embed\/t_RYaUs-VXU?start=2113&#038;feature=oembed\" frameborder=\"0\" allow=\"accelerometer; autoplay; clipboard-write; encrypted-media; gyroscope; picture-in-picture; web-share\" referrerpolicy=\"strict-origin-when-cross-origin\" allowfullscreen><\/iframe>\n<\/div><\/figure>\n","protected":false},"excerpt":{"rendered":"<p>La comunidad del Aut\u00f3dromo de Avellaneda sigue en pie de lucha ante la falta de respuestas del municipio. En una entrevista exclusiva para el programa La Voz del Vecino, conducido por Marcelo Brunwald y emitido por FM Impacto, los representantes del aut\u00f3dromo denunciaron que hace 15 d\u00edas presentaron un petitorio en mesa de entradas solicitando [&hellip;]<\/p>\n","protected":false},"author":2,"featured_media":16575,"comment_status":"open","ping_status":"open","sticky":false,"template":"","format":"standard","meta":{"footnotes":""},"categories":[1,34],"tags":[1611],"_links":{"self":[{"href":"https:\/\/enlamira.info\/index.php\/wp-json\/wp\/v2\/posts\/16572"}],"collection":[{"href":"https:\/\/enlamira.info\/index.php\/wp-json\/wp\/v2\/posts"}],"about":[{"href":"https:\/\/enlamira.info\/index.php\/wp-json\/wp\/v2\/types\/post"}],"author":[{"embeddable":true,"href":"https:\/\/enlamira.info\/index.php\/wp-json\/wp\/v2\/users\/2"}],"replies":[{"embeddable":true,"href":"https:\/\/enlamira.info\/index.php\/wp-json\/wp\/v2\/comments?post=16572"}],"version-history":[{"count":1,"href":"https:\/\/enlamira.info\/index.php\/wp-json\/wp\/v2\/posts\/16572\/revisions"}],"predecessor-version":[{"id":16574,"href":"https:\/\/enlamira.info\/index.php\/wp-json\/wp\/v2\/posts\/16572\/revisions\/16574"}],"wp:featuredmedia":[{"embeddable":true,"href":"https:\/\/enlamira.info\/index.php\/wp-json\/wp\/v2\/media\/16575"}],"wp:attachment":[{"href":"https:\/\/enlamira.info\/index.php\/wp-json\/wp\/v2\/media?parent=16572"}],"wp:term":[{"taxonomy":"category","embeddable":true,"href":"https:\/\/enlamira.info\/index.php\/wp-json\/wp\/v2\/categories?post=16572"},{"taxonomy":"post_tag","embeddable":true,"href":"https:\/\/enlamira.info\/index.php\/wp-json\/wp\/v2\/tags?post=16572"}],"curies":[{"name":"wp","href":"https:\/\/api.w.org\/{rel}","templated":true}]}}