{"id":16565,"date":"2025-05-20T16:25:20","date_gmt":"2025-05-20T19:25:20","guid":{"rendered":"https:\/\/enlamira.info\/?p=16565"},"modified":"2025-05-20T16:25:20","modified_gmt":"2025-05-20T19:25:20","slug":"ferraresi-con-los-chicos-no","status":"publish","type":"post","link":"https:\/\/enlamira.info\/index.php\/2025\/05\/20\/ferraresi-con-los-chicos-no\/","title":{"rendered":"Ferraresi: con los chicos no !!!"},"content":{"rendered":"\n<p>La gesti\u00f3n del intendente de Avellaneda, Jorge Ferraresi, vuelve a estar en el centro de la pol\u00e9mica. Esta vez, la denuncia proviene de <strong>Lucas Yacob<\/strong>, ex candidato a intendente por el PRO, quien acusa a la administraci\u00f3n municipal de <strong>expulsar a su hijo de 2 a\u00f1os del jard\u00edn maternal municipal<\/strong> al que asist\u00eda desde 2023.<\/p>\n\n\n\n<p>Seg\u00fan Yacob, la <strong>Secretaria de Educaci\u00f3n, Claudia Colaso<\/strong>, le comunic\u00f3 que, a partir del jueves, su hijo no podr\u00e1 ingresar al establecimiento debido a una supuesta <strong>reorganizaci\u00f3n<\/strong>. Sin embargo, el dirigente opositor sostiene que esta medida es <strong>una represalia pol\u00edtica<\/strong> y que su hijo es el \u00fanico afectado por la decisi\u00f3n.<\/p>\n\n\n\n<figure class=\"wp-block-image size-full\"><img loading=\"lazy\" decoding=\"async\" width=\"680\" height=\"569\" src=\"https:\/\/enlamira.info\/wp-content\/uploads\/2025\/05\/GraAx8KXAAA7RiK.jpg\" alt=\"\" class=\"wp-image-16567\" srcset=\"https:\/\/enlamira.info\/wp-content\/uploads\/2025\/05\/GraAx8KXAAA7RiK.jpg 680w, https:\/\/enlamira.info\/wp-content\/uploads\/2025\/05\/GraAx8KXAAA7RiK-300x251.jpg 300w\" sizes=\"(max-width: 680px) 100vw, 680px\" \/><\/figure>\n\n\n\n<p><em>&#8220;Solo la <code>reorganizaci\u00f3n<\/code> ser\u00eda con Fausti (su hijo). Son de cuarta e intolerables a la cr\u00edtica. Es la primera vez que escucho que se metan con un nene de 2 a\u00f1os que tiene sus amigos en la sala desde beb\u00e9s por una cuesti\u00f3n pol\u00edtica&#8221;<\/em>, expres\u00f3 Yacob en sus redes sociales.<\/p>\n\n\n\n<p>El referente del PRO tambi\u00e9n envi\u00f3 <strong>una carta documento<\/strong> al intendente y a la secretaria de Educaci\u00f3n, exigiendo explicaciones y la <strong>restituci\u00f3n inmediata del derecho de su hijo a la educaci\u00f3n<\/strong>.<\/p>\n\n\n\n<p>Este episodio se suma a una serie de cuestionamientos sobre la gesti\u00f3n de Ferraresi, quien ha sido se\u00f1alado por <strong>hostigar a la prensa independiente y a la oposici\u00f3n<\/strong>. La comunidad educativa y sectores pol\u00edticos exigen respuestas ante lo que consideran <strong>una medida arbitraria y discriminatoria<\/strong>.<\/p>\n\n\n\n<p><\/p>\n","protected":false},"excerpt":{"rendered":"<p>La gesti\u00f3n del intendente de Avellaneda, Jorge Ferraresi, vuelve a estar en el centro de la pol\u00e9mica. Esta vez, la denuncia proviene de Lucas Yacob, ex candidato a intendente por el PRO, quien acusa a la administraci\u00f3n municipal de expulsar a su hijo de 2 a\u00f1os del jard\u00edn maternal municipal al que asist\u00eda desde 2023. [&hellip;]<\/p>\n","protected":false},"author":2,"featured_media":16566,"comment_status":"open","ping_status":"open","sticky":false,"template":"","format":"standard","meta":{"footnotes":""},"categories":[1,20],"tags":[1608,1609],"_links":{"self":[{"href":"https:\/\/enlamira.info\/index.php\/wp-json\/wp\/v2\/posts\/16565"}],"collection":[{"href":"https:\/\/enlamira.info\/index.php\/wp-json\/wp\/v2\/posts"}],"about":[{"href":"https:\/\/enlamira.info\/index.php\/wp-json\/wp\/v2\/types\/post"}],"author":[{"embeddable":true,"href":"https:\/\/enlamira.info\/index.php\/wp-json\/wp\/v2\/users\/2"}],"replies":[{"embeddable":true,"href":"https:\/\/enlamira.info\/index.php\/wp-json\/wp\/v2\/comments?post=16565"}],"version-history":[{"count":1,"href":"https:\/\/enlamira.info\/index.php\/wp-json\/wp\/v2\/posts\/16565\/revisions"}],"predecessor-version":[{"id":16568,"href":"https:\/\/enlamira.info\/index.php\/wp-json\/wp\/v2\/posts\/16565\/revisions\/16568"}],"wp:featuredmedia":[{"embeddable":true,"href":"https:\/\/enlamira.info\/index.php\/wp-json\/wp\/v2\/media\/16566"}],"wp:attachment":[{"href":"https:\/\/enlamira.info\/index.php\/wp-json\/wp\/v2\/media?parent=16565"}],"wp:term":[{"taxonomy":"category","embeddable":true,"href":"https:\/\/enlamira.info\/index.php\/wp-json\/wp\/v2\/categories?post=16565"},{"taxonomy":"post_tag","embeddable":true,"href":"https:\/\/enlamira.info\/index.php\/wp-json\/wp\/v2\/tags?post=16565"}],"curies":[{"name":"wp","href":"https:\/\/api.w.org\/{rel}","templated":true}]}}