{"id":16417,"date":"2025-05-13T16:33:29","date_gmt":"2025-05-13T19:33:29","guid":{"rendered":"https:\/\/enlamira.info\/?p=16417"},"modified":"2025-05-13T16:33:29","modified_gmt":"2025-05-13T19:33:29","slug":"murio-jose-mujica-a-los-89-anos-el-dirigente-que-renovo-la-forma-de-hacer-politica-en-uruguay","status":"publish","type":"post","link":"https:\/\/enlamira.info\/index.php\/2025\/05\/13\/murio-jose-mujica-a-los-89-anos-el-dirigente-que-renovo-la-forma-de-hacer-politica-en-uruguay\/","title":{"rendered":"Muri\u00f3 Jos\u00e9 Mujica a los 89 a\u00f1os, el dirigente que renov\u00f3 la forma de hacer pol\u00edtica en Uruguay"},"content":{"rendered":"\n<p>El l\u00edder del Frente Amplio falleci\u00f3 hoy, luego de que su salud se deteriorara como consecuencia de la lucha contra el c\u00e1ncer.<\/p>\n\n\n\n<p>Aflige la salud de Jos\u00e9 Mujica al Frente Amplio, que se prepara para el inevitable desenlace<\/p>\n\n\n\n<p>Vot\u00f3 Luc\u00eda Topolansky sin la presencia de Jos\u00e9 Mujica<\/p>\n\n\n\n<p>El expresidente Jos\u00e9 Mujica, uno de los l\u00edderes emblem\u00e1ticos del izquierdista Frente Amplio (FA), falleci\u00f3 hoy a los 89 a\u00f1os de edad luego de que su salud se fuera deteriorando como consecuencia de un c\u00e1ncer de es\u00f3fago, que luego se extendi\u00f3 al h\u00edgado.<\/p>\n\n\n\n<p>Una muestra de un mayor agravamiento en su estado fue el hecho de no haber ido a votar el domingo en las elecciones departamentales, en donde se vio sufragar a su esposa, la exvicepresidenta Luc\u00eda Topolansky, quien en las \u00faltimas horas dijo que el exmandatario estaba &#8220;en la meseta&#8221;.<\/p>\n\n\n\n<p>Mujica anunci\u00f3 el empeoramiento de su salud el jueves 9 de enero, cuando hizo p\u00fablica la extensi\u00f3n del c\u00e1ncer de es\u00f3fago que trat\u00f3 durante buena parte del 2024 hacia el h\u00edgado. &#8220;Me estoy muriendo&#8221;, afirm\u00f3 entonces, cuando adem\u00e1s pidi\u00f3 que le dejaran transitar tranquilo la \u00faltima etapa de su vida: &#8220;el guerrero tiene derecho a su descanso&#8221;, subray\u00f3.<\/p>\n\n\n\n<p>El hist\u00f3rico l\u00edder del Movimiento de Participaci\u00f3n Popular (MPP) del presidente electo Yamand\u00fa Orsi, cont\u00f3 que les pidi\u00f3 a los m\u00e9dicos que no lo hagan \u201csufrir al pedo\u201d. \u201cQue me pichicateen y cuando me toque morir, me muero. As\u00ed de simple\u201d, asegur\u00f3. Tambi\u00e9n expres\u00f3 su deseo de ser enterrado en su chacra de Rinc\u00f3n del Cerro, junto a una sequoia grande \u2014\u00e1rbol que \u00e9l mismo cultiv\u00f3 de una semilla que le regalaron\u2014, donde tambi\u00e9n est\u00e1 enterrada su perra Manuela.<\/p>\n\n\n\n<p>&nbsp;\u201cLo que quiero es despedirme de mis compatriotas. Es f\u00e1cil tener respeto para los que piensan parecido a uno, pero hay que aprender que el fundamento de la democracia es el respeto a los que piensan distinto. Por eso, la primera categor\u00eda son mis compatriotas y de ellos me despido. Les doy un abrazo a todos\u201d, dijo Mujica quien, fiel a su estilo, no perdi\u00f3 la oportunidad de proponer una reflexi\u00f3n sobre la pol\u00edtica, incluso en lo que fue su \u00faltimo mensaje p\u00fablico.<\/p>\n\n\n\n<p>La vida de Mujica<\/p>\n\n\n\n<p>Mujica anunci\u00f3 que padec\u00eda c\u00e1ncer de es\u00f3fago en abril de 2024 y pronto inici\u00f3 un tratamiento de radioterapia para combatir el tumor, la \u00fanica alternativa terap\u00e9utica ante las dos enfermedades cr\u00f3nicas que tambi\u00e9n sufr\u00eda. Tras las sesiones que lo dejaron &#8220;deshecho&#8221;, e incluso en medio de tres internaciones en un plazo de diez d\u00edas a principios de setiembre, el expresidente se mantuvo activo y presente durante la campa\u00f1a electoral que, finalmente, result\u00f3 en una elecci\u00f3n hist\u00f3rica para la lista 609 del MPP y en Orsi como ganador de la Presidencia.<\/p>\n\n\n\n<p>De esta manera, y tal y como hab\u00eda prometido, milit\u00f3 hasta el \u00faltimo momento, a trav\u00e9s de presencias en actos y, mayormente, con entrevistas y participaci\u00f3n en spots desde su chacra.<\/p>\n\n\n\n<p>Adem\u00e1s de ser un hist\u00f3rico l\u00edder tanto de su sector como del Frente Amplio, Mujica fue presidente de Uruguay entre el 2010 y el 2015. Catalogado como uno de los mandatarios m\u00e1s progresistas de Am\u00e9rica Latina, incluso entre sus pares contempor\u00e1neos de lo que se llam\u00f3 la \u201cPatria Grande\u201d, en una ola de gobiernos con tendencias de izquierda en la regi\u00f3n; su gobierno puso al pa\u00eds a la vanguardia de los derechos individuales con la despenalizaci\u00f3n del aborto, el matrimonio igualitario y la regulaci\u00f3n del consumo de cannabis.<\/p>\n\n\n\n<p>Su carrera pol\u00edtica profesional comenz\u00f3 en 1989, cuando fue elegido diputado y, luego, senador por el Frente Amplio. Tambi\u00e9n ocup\u00f3 el cargo de ministro de Ganader\u00eda, Agricultura y Pesca (MGAP) entre 2005 y 2008, durante el primer gobierno frenteamplista de Tabar\u00e9 V\u00e1zquez. Tras terminar su mandato como el 40\u00b0 presidente de Uruguay, fue elegido senador nuevamente por dos per\u00edodos consecutivos, aunque en octubre de 2020 renunci\u00f3 a su banca. &#8220;Me ha echado la pandemia&#8221;, dijo en plena crisis por el Covid-19, refiriendo la necesidad de cuidarse por una enfermedad autoinmune que padec\u00eda y que tambi\u00e9n complic\u00f3 la lucha contra el c\u00e1ncer.<\/p>\n\n\n\n<p>Su historia pol\u00edtica comenz\u00f3 mucho antes, en la d\u00e9cada de 1970 con su militancia en el Movimiento de Liberaci\u00f3n Nacional &#8211; Tupamaros (MLN-T), y por la que fue preso pol\u00edtico entre 1972 y 1985, durante la dictadura c\u00edvico-militar, junto con su esposa Luc\u00eda Topolansky.<\/p>\n\n\n\n<p>&#8220;Me ba\u00f1aba con un vaso de agua y un trapito como la gente del desierto. Y en absoluta soledad, con alguna visita de mis familiares una vez por mes, de mi madre particularmente. Fue duro\u201d, relat\u00f3 en una entrevista muchos a\u00f1os despu\u00e9s y reconoci\u00f3 que de su detenci\u00f3n \u201caprendi\u00f3 a no dejarse dominar por el odio y el fanatismo, y entender que hay cuentas que no se cobran y que hay que vivir para adelante\u201d.<\/p>\n\n\n\n<p>Esa visi\u00f3n moderada sobre las consecuencias de la dictadura, que en su gobierno se tradujo en la oposici\u00f3n a eliminar la ley de Caducidad, le vali\u00f3 varias cr\u00edticas de organizaciones de familiares de desaparecidos, con las que polemiz\u00f3 tambi\u00e9n en los \u00faltimos meses de su vida tras afirmar que hubo testimonios falsos para encarcelar militares.<\/p>\n","protected":false},"excerpt":{"rendered":"<p>El l\u00edder del Frente Amplio falleci\u00f3 hoy, luego de que su salud se deteriorara como consecuencia de la lucha contra el c\u00e1ncer. Aflige la salud de Jos\u00e9 Mujica al Frente Amplio, que se prepara para el inevitable desenlace Vot\u00f3 Luc\u00eda Topolansky sin la presencia de Jos\u00e9 Mujica El expresidente Jos\u00e9 Mujica, uno de los l\u00edderes [&hellip;]<\/p>\n","protected":false},"author":2,"featured_media":16424,"comment_status":"open","ping_status":"open","sticky":false,"template":"","format":"standard","meta":{"footnotes":""},"categories":[1],"tags":[1559,1558],"_links":{"self":[{"href":"https:\/\/enlamira.info\/index.php\/wp-json\/wp\/v2\/posts\/16417"}],"collection":[{"href":"https:\/\/enlamira.info\/index.php\/wp-json\/wp\/v2\/posts"}],"about":[{"href":"https:\/\/enlamira.info\/index.php\/wp-json\/wp\/v2\/types\/post"}],"author":[{"embeddable":true,"href":"https:\/\/enlamira.info\/index.php\/wp-json\/wp\/v2\/users\/2"}],"replies":[{"embeddable":true,"href":"https:\/\/enlamira.info\/index.php\/wp-json\/wp\/v2\/comments?post=16417"}],"version-history":[{"count":1,"href":"https:\/\/enlamira.info\/index.php\/wp-json\/wp\/v2\/posts\/16417\/revisions"}],"predecessor-version":[{"id":16425,"href":"https:\/\/enlamira.info\/index.php\/wp-json\/wp\/v2\/posts\/16417\/revisions\/16425"}],"wp:featuredmedia":[{"embeddable":true,"href":"https:\/\/enlamira.info\/index.php\/wp-json\/wp\/v2\/media\/16424"}],"wp:attachment":[{"href":"https:\/\/enlamira.info\/index.php\/wp-json\/wp\/v2\/media?parent=16417"}],"wp:term":[{"taxonomy":"category","embeddable":true,"href":"https:\/\/enlamira.info\/index.php\/wp-json\/wp\/v2\/categories?post=16417"},{"taxonomy":"post_tag","embeddable":true,"href":"https:\/\/enlamira.info\/index.php\/wp-json\/wp\/v2\/tags?post=16417"}],"curies":[{"name":"wp","href":"https:\/\/api.w.org\/{rel}","templated":true}]}}