{"id":16344,"date":"2025-05-10T07:59:00","date_gmt":"2025-05-10T10:59:00","guid":{"rendered":"https:\/\/enlamira.info\/?p=16344"},"modified":"2025-05-08T22:00:02","modified_gmt":"2025-05-09T01:00:02","slug":"ceamse-y-el-municipio-de-avellaneda-refuerzan-lazos-para-una-gestion-ambiental-con-impacto-social","status":"publish","type":"post","link":"https:\/\/enlamira.info\/index.php\/2025\/05\/10\/ceamse-y-el-municipio-de-avellaneda-refuerzan-lazos-para-una-gestion-ambiental-con-impacto-social\/","title":{"rendered":"CEAMSE y el Municipio de Avellaneda refuerzan lazos para una gesti\u00f3n ambiental con impacto social"},"content":{"rendered":"\n<p>Durante el encuentro, Claudio Tapia y Jorge Ferraresi acordaron una agenda de trabajo conjunta con el objetivo de profundizar la integraci\u00f3n del Complejo Ambiental Villa Dom\u00ednico con la comunidad.<\/p>\n\n\n\n<p>El jueves 8 de mayo, el presidente de CEAMSE, Claudio \u201cChiqui\u201d Tapia, recibi\u00f3 en la Sede Alcorta al intendente de Avellaneda, Jorge Ferraresi, en el marco de una reuni\u00f3n destinada a fortalecer los lazos institucionales y avanzar en una agenda de trabajo conjunta.<\/p>\n\n\n\n<p>Durante el encuentro, ambas autoridades coincidieron en la importancia de profundizar la integraci\u00f3n del Complejo Ambiental Villa Dom\u00ednico con la comunidad local, promoviendo una gesti\u00f3n ambiental participativa, inclusiva y articulada con el Municipio.<\/p>\n\n\n\n<p>Adem\u00e1s, dialogaron sobre nuevas iniciativas que permitan potenciar el impacto positivo del complejo en el territorio, fomentando el compromiso social y el desarrollo sostenible en la regi\u00f3n.<\/p>\n\n\n\n<p>El acercamiento entre CEAMSE y el Municipio de Avellaneda forma parte de una estrategia de cooperaci\u00f3n institucional que busca optimizar los recursos y generar pol\u00edticas p\u00fablicas con impacto real en la vida cotidiana de los vecinos.<\/p>\n","protected":false},"excerpt":{"rendered":"<p>Durante el encuentro, Claudio Tapia y Jorge Ferraresi acordaron una agenda de trabajo conjunta con el objetivo de profundizar la integraci\u00f3n del Complejo Ambiental Villa Dom\u00ednico con la comunidad. El jueves 8 de mayo, el presidente de CEAMSE, Claudio \u201cChiqui\u201d Tapia, recibi\u00f3 en la Sede Alcorta al intendente de Avellaneda, Jorge Ferraresi, en el marco [&hellip;]<\/p>\n","protected":false},"author":2,"featured_media":16345,"comment_status":"open","ping_status":"open","sticky":false,"template":"","format":"standard","meta":{"footnotes":""},"categories":[1],"tags":[1536],"_links":{"self":[{"href":"https:\/\/enlamira.info\/index.php\/wp-json\/wp\/v2\/posts\/16344"}],"collection":[{"href":"https:\/\/enlamira.info\/index.php\/wp-json\/wp\/v2\/posts"}],"about":[{"href":"https:\/\/enlamira.info\/index.php\/wp-json\/wp\/v2\/types\/post"}],"author":[{"embeddable":true,"href":"https:\/\/enlamira.info\/index.php\/wp-json\/wp\/v2\/users\/2"}],"replies":[{"embeddable":true,"href":"https:\/\/enlamira.info\/index.php\/wp-json\/wp\/v2\/comments?post=16344"}],"version-history":[{"count":1,"href":"https:\/\/enlamira.info\/index.php\/wp-json\/wp\/v2\/posts\/16344\/revisions"}],"predecessor-version":[{"id":16346,"href":"https:\/\/enlamira.info\/index.php\/wp-json\/wp\/v2\/posts\/16344\/revisions\/16346"}],"wp:featuredmedia":[{"embeddable":true,"href":"https:\/\/enlamira.info\/index.php\/wp-json\/wp\/v2\/media\/16345"}],"wp:attachment":[{"href":"https:\/\/enlamira.info\/index.php\/wp-json\/wp\/v2\/media?parent=16344"}],"wp:term":[{"taxonomy":"category","embeddable":true,"href":"https:\/\/enlamira.info\/index.php\/wp-json\/wp\/v2\/categories?post=16344"},{"taxonomy":"post_tag","embeddable":true,"href":"https:\/\/enlamira.info\/index.php\/wp-json\/wp\/v2\/tags?post=16344"}],"curies":[{"name":"wp","href":"https:\/\/api.w.org\/{rel}","templated":true}]}}