{"id":16333,"date":"2025-05-09T07:11:00","date_gmt":"2025-05-09T10:11:00","guid":{"rendered":"https:\/\/enlamira.info\/?p=16333"},"modified":"2025-05-08T21:19:41","modified_gmt":"2025-05-09T00:19:41","slug":"el-estadounidense-robert-prevost-es-el-nuevo-papa-eligio-el-nombre-leon-xiv","status":"publish","type":"post","link":"https:\/\/enlamira.info\/index.php\/2025\/05\/09\/el-estadounidense-robert-prevost-es-el-nuevo-papa-eligio-el-nombre-leon-xiv\/","title":{"rendered":"El estadounidense Robert Prevost es el nuevo papa: eligi\u00f3 el nombre Le\u00f3n XIV"},"content":{"rendered":"\n<p>El ex obispo de Boston tiene una mirada similar a la de su antecesor Francisco y es un f\u00e9rreo opositor a las pol\u00edticas de Donald Trump.<\/p>\n\n\n\n<p>Tras dos d\u00edas de debate el C\u00f3nclave de 133 cardenales eligi\u00f3 a Robert Prevost como el nuevo l\u00edder de la Iglesia Cat\u00f3lica global. Se trata de quien ejerc\u00eda como obispo de Boston, en los Estados Unidos (EE.UU). Quien utilizar\u00e1 el nombre de Le\u00f3n XIV.<\/p>\n\n\n\n<p>Nacido en la ciudad de Chicago, el 14 de septiembre de 1955 en Chicago, es el encargado de suceder a Francisco I, tras su fallecimiento el pasado 21 de abril de 2025. De ra\u00edces familiares mixtas, su padre era de ascendencia francesa e italiana, mientras que su madre de origen espa\u00f1ol, Prevost es un religioso agustino con una s\u00f3lida formaci\u00f3n acad\u00e9mica y una extensa trayectoria pastoral y administrativa.<\/p>\n\n\n\n<p>Ingres\u00f3 al noviciado de la Orden de San Agust\u00edn en 1977 y fue ordenado sacerdote en Roma en 1982. Obtuvo t\u00edtulos en Ciencias Matem\u00e1ticas y Filosof\u00eda en la Universidad de Villanova, una maestr\u00eda en Divinidad en la Catholic Theological Union de Chicago y un doctorado en Derecho Can\u00f3nico en la Pontificia Universidad Santo Tom\u00e1s de Aquino (Angelicum) en Roma.<\/p>\n\n\n\n<p>Su labor misionera comenz\u00f3 en Per\u00fa en 1985, donde desempe\u00f1\u00f3 funciones pastorales y formativas en Chulucanas y Trujillo. En 2014, el Papa Francisco lo nombr\u00f3 obispo de Chiclayo, cargo que ocup\u00f3 hasta 2023. Ese a\u00f1o, fue designado prefecto del Dicasterio para los Obispos y presidente de la Pontificia Comisi\u00f3n para Am\u00e9rica Latina, roles que desempe\u00f1\u00f3 hasta su elecci\u00f3n como Sumo Pont\u00edfice.<\/p>\n\n\n\n<p>El nuevo sumo pont\u00edfice es habla ingl\u00e9s, espa\u00f1ol, italiano, franc\u00e9s y portugu\u00e9s, y tiene conocimientos de lat\u00edn y el alem\u00e1n. En 2015, obtuvo la nacionalidad peruana, reflejando su profundo v\u00ednculo con Am\u00e9rica Latina. Su elecci\u00f3n como Papa representa un puente entre el norte y el sur global, y se espera que su liderazgo combine tradici\u00f3n y renovaci\u00f3n en la Iglesia Cat\u00f3lica.<\/p>\n\n\n\n<p>Sus primeras palabras desde el balc\u00f3n de la Bas\u00edlica de San Pedro en Roma, fueron: \u201cLa paz est\u00e9 con todos ustedes. Queridos hermanos y hermanas, este es el primer saludo de Cristo resucitado y buen pastor que ha dado la vida por el reba\u00f1o de Dios. Con esta bienvenida de paz quiero que entre a nuestros corazones, y a todas las personas dondequiera que se encuentren. Todas las personas, de todo el mundo: la paz sea con ustedes. Esta es la paz de Cristo 2 resucitado, que nos trae la paz de Dios, que nos ama a todos\u201d.<\/p>\n","protected":false},"excerpt":{"rendered":"<p>El ex obispo de Boston tiene una mirada similar a la de su antecesor Francisco y es un f\u00e9rreo opositor a las pol\u00edticas de Donald Trump. Tras dos d\u00edas de debate el C\u00f3nclave de 133 cardenales eligi\u00f3 a Robert Prevost como el nuevo l\u00edder de la Iglesia Cat\u00f3lica global. Se trata de quien ejerc\u00eda como [&hellip;]<\/p>\n","protected":false},"author":2,"featured_media":16335,"comment_status":"open","ping_status":"open","sticky":false,"template":"","format":"standard","meta":{"footnotes":""},"categories":[30],"tags":[1531],"_links":{"self":[{"href":"https:\/\/enlamira.info\/index.php\/wp-json\/wp\/v2\/posts\/16333"}],"collection":[{"href":"https:\/\/enlamira.info\/index.php\/wp-json\/wp\/v2\/posts"}],"about":[{"href":"https:\/\/enlamira.info\/index.php\/wp-json\/wp\/v2\/types\/post"}],"author":[{"embeddable":true,"href":"https:\/\/enlamira.info\/index.php\/wp-json\/wp\/v2\/users\/2"}],"replies":[{"embeddable":true,"href":"https:\/\/enlamira.info\/index.php\/wp-json\/wp\/v2\/comments?post=16333"}],"version-history":[{"count":1,"href":"https:\/\/enlamira.info\/index.php\/wp-json\/wp\/v2\/posts\/16333\/revisions"}],"predecessor-version":[{"id":16336,"href":"https:\/\/enlamira.info\/index.php\/wp-json\/wp\/v2\/posts\/16333\/revisions\/16336"}],"wp:featuredmedia":[{"embeddable":true,"href":"https:\/\/enlamira.info\/index.php\/wp-json\/wp\/v2\/media\/16335"}],"wp:attachment":[{"href":"https:\/\/enlamira.info\/index.php\/wp-json\/wp\/v2\/media?parent=16333"}],"wp:term":[{"taxonomy":"category","embeddable":true,"href":"https:\/\/enlamira.info\/index.php\/wp-json\/wp\/v2\/categories?post=16333"},{"taxonomy":"post_tag","embeddable":true,"href":"https:\/\/enlamira.info\/index.php\/wp-json\/wp\/v2\/tags?post=16333"}],"curies":[{"name":"wp","href":"https:\/\/api.w.org\/{rel}","templated":true}]}}