{"id":16332,"date":"2025-05-09T07:11:00","date_gmt":"2025-05-09T10:11:00","guid":{"rendered":"https:\/\/enlamira.info\/?p=16332"},"modified":"2025-05-08T21:26:33","modified_gmt":"2025-05-09T00:26:33","slug":"la-corte-suprema-ratifico-la-condena-a-milagro-sala-por-asociacion-ilicita-fraude-y-extorsion","status":"publish","type":"post","link":"https:\/\/enlamira.info\/index.php\/2025\/05\/09\/la-corte-suprema-ratifico-la-condena-a-milagro-sala-por-asociacion-ilicita-fraude-y-extorsion\/","title":{"rendered":"La Corte Suprema ratific\u00f3 la condena a Milagro Sala por asociaci\u00f3n il\u00edcita, fraude y extorsi\u00f3n"},"content":{"rendered":"\n<p>El m\u00e1ximo tribunal rechaz\u00f3 el recurso presentado por la defensa de la l\u00edder de la Tupac Amaru y confirm\u00f3 la pena de 15 a\u00f1os de prisi\u00f3n.<\/p>\n\n\n\n<p>La Corte Suprema de Justicia de la Naci\u00f3n dej\u00f3 firme la condena unificada de 15 a\u00f1os de prisi\u00f3n para Milagro Sala, l\u00edder de la organizaci\u00f3n Tupac Amaru y exdiputada provincial. El fallo, emitido este jueves, desestim\u00f3 por \u201cinadmisible\u201d el recurso extraordinario presentado por la defensa, que cuestionaba la decisi\u00f3n del Tribunal en lo Criminal N\u00b0 3 de Jujuy. Los jueces Horacio Rosatti, Carlos Rosenkrantz y Ricardo Lorenzetti coincidieron en rechazar el planteo.<\/p>\n\n\n\n<p>La condena unificada responde a dos causas distintas. La primera se remonta a 2014, cuando Sala fue acusada de realizar amenazas telef\u00f3nicas a polic\u00edas, incluyendo frases como: \u201cSon una manga de maricones, van a tener noticias porque voy a poner una bomba y voy a hacer volar a todos\u201d. Inicialmente absuelta, la C\u00e1mara de Casaci\u00f3n Penal revoc\u00f3 esa decisi\u00f3n en 2019, imponi\u00e9ndole una pena de tres a\u00f1os y dos meses de prisi\u00f3n, luego reducida a dos a\u00f1os por la Suprema Corte de Justicia de Jujuy.<\/p>\n\n\n\n<p>La segunda causa, conocida como \u201cPibes Villeros\u201d, involucra delitos de asociaci\u00f3n il\u00edcita, fraude a la administraci\u00f3n p\u00fablica y extorsi\u00f3n. Entre 2013 y 2015, Sala fue acusada de liderar una organizaci\u00f3n que desvi\u00f3 fondos p\u00fablicos destinados a la construcci\u00f3n de viviendas sociales en Jujuy. En 2019, el Tribunal en lo Criminal N\u00b0 3 de Jujuy la conden\u00f3 a 13 a\u00f1os de prisi\u00f3n por estos hechos.<\/p>\n\n\n\n<p>Con la confirmaci\u00f3n de la Corte Suprema, Sala acumula una pena \u00fanica de 15 a\u00f1os de prisi\u00f3n e inhabilitaci\u00f3n absoluta. Actualmente, cumple arresto domiciliario desde hace nueve a\u00f1os y enfrenta otras causas judiciales en curso.<\/p>\n","protected":false},"excerpt":{"rendered":"<p>El m\u00e1ximo tribunal rechaz\u00f3 el recurso presentado por la defensa de la l\u00edder de la Tupac Amaru y confirm\u00f3 la pena de 15 a\u00f1os de prisi\u00f3n. La Corte Suprema de Justicia de la Naci\u00f3n dej\u00f3 firme la condena unificada de 15 a\u00f1os de prisi\u00f3n para Milagro Sala, l\u00edder de la organizaci\u00f3n Tupac Amaru y exdiputada [&hellip;]<\/p>\n","protected":false},"author":2,"featured_media":16339,"comment_status":"open","ping_status":"open","sticky":false,"template":"","format":"standard","meta":{"footnotes":""},"categories":[126],"tags":[1534,1533],"_links":{"self":[{"href":"https:\/\/enlamira.info\/index.php\/wp-json\/wp\/v2\/posts\/16332"}],"collection":[{"href":"https:\/\/enlamira.info\/index.php\/wp-json\/wp\/v2\/posts"}],"about":[{"href":"https:\/\/enlamira.info\/index.php\/wp-json\/wp\/v2\/types\/post"}],"author":[{"embeddable":true,"href":"https:\/\/enlamira.info\/index.php\/wp-json\/wp\/v2\/users\/2"}],"replies":[{"embeddable":true,"href":"https:\/\/enlamira.info\/index.php\/wp-json\/wp\/v2\/comments?post=16332"}],"version-history":[{"count":1,"href":"https:\/\/enlamira.info\/index.php\/wp-json\/wp\/v2\/posts\/16332\/revisions"}],"predecessor-version":[{"id":16340,"href":"https:\/\/enlamira.info\/index.php\/wp-json\/wp\/v2\/posts\/16332\/revisions\/16340"}],"wp:featuredmedia":[{"embeddable":true,"href":"https:\/\/enlamira.info\/index.php\/wp-json\/wp\/v2\/media\/16339"}],"wp:attachment":[{"href":"https:\/\/enlamira.info\/index.php\/wp-json\/wp\/v2\/media?parent=16332"}],"wp:term":[{"taxonomy":"category","embeddable":true,"href":"https:\/\/enlamira.info\/index.php\/wp-json\/wp\/v2\/categories?post=16332"},{"taxonomy":"post_tag","embeddable":true,"href":"https:\/\/enlamira.info\/index.php\/wp-json\/wp\/v2\/tags?post=16332"}],"curies":[{"name":"wp","href":"https:\/\/api.w.org\/{rel}","templated":true}]}}