{"id":16271,"date":"2025-05-07T07:48:00","date_gmt":"2025-05-07T10:48:00","guid":{"rendered":"https:\/\/enlamira.info\/?p=16271"},"modified":"2025-05-06T23:49:58","modified_gmt":"2025-05-07T02:49:58","slug":"avanza-el-proyecto-de-santalla-para-prohibir-los-celulares-en-escuelas-primarias-de-pba","status":"publish","type":"post","link":"https:\/\/enlamira.info\/index.php\/2025\/05\/07\/avanza-el-proyecto-de-santalla-para-prohibir-los-celulares-en-escuelas-primarias-de-pba\/","title":{"rendered":"Avanza el proyecto de Santalla para prohibir los celulares en escuelas primarias de PBA"},"content":{"rendered":"\n<p>El proyecto del Senador Emmanuel Santalla que restringe el uso de pantallas en las escuelas primarias, con la \u00fanica excepci\u00f3n de los casos en que los docentes lo requieran con fines pedag\u00f3gicos.<\/p>\n\n\n\n<p>Avanza en la C\u00e1mara de Diputados de la provincia de Buenos Aires el proyecto del Senador Emmanuel Santalla que restringe el uso de pantallas en las escuelas primarias, con la \u00fanica excepci\u00f3n de los casos en que los docentes lo requieran con fines pedag\u00f3gicos.<\/p>\n\n\n\n<p>El proyecto, que fuera votado de manera un\u00e1nime en la C\u00e1mara de Senadores, ya ingres\u00f3 en Diputados, obtuvo dictamen en las comisiones de Salud y de Ni\u00f1ez y Adolescencia y pas\u00f3 a Legislaci\u00f3n General para su tratamiento.<\/p>\n\n\n\n<p>La iniciativa fue &#8220;consultada y elaborada con el aporte de especialistas en educaci\u00f3n y crianza, y busca mejorar la concentraci\u00f3n en las aulas, promover el juego libre y la interacci\u00f3n entre pares&#8221;, indic\u00f3 Santalla.<\/p>\n\n\n\n<p>Y agreg\u00f3: &#8220;Cuando discutimos esto con especialistas, con docentes y en las comisiones de esta C\u00e1mara, concluimos que el \u00fanico problema no es ese uso excesivo de las pantallas, sino el retiro de los adultos en el acompa\u00f1amiento de esos ni\u00f1os. Nosotros planteamos la responsabilidad en las escuelas primarias porque nos parece el primer paso, pero esta problem\u00e1tica se debe atender en el conjunto de la sociedad&#8221;<\/p>\n\n\n\n<p>&#8220;Muchos nos agarramos la cabeza con los problemas de ludopat\u00eda infantil, pero nos parece lo m\u00e1s normal del mundo poner una pantalla en la mano de los chicos en muy temprana edad. La ludopat\u00eda es una consecuencia m\u00e1s del mal uso de los celulares en los ni\u00f1os y ni\u00f1as&#8221;, concluy\u00f3.<\/p>\n\n\n\n<p>El art\u00edculo 3 del texto contempla que &#8220;en los establecimientos educativos de gesti\u00f3n p\u00fablica y privada de la provincia de Buenos Aires, los alumnos y alumnas del nivel primario deber\u00e1n hacer uso responsable de pantallas solo a efectos de dar cumplimiento a los objetivos pedag\u00f3gicos&#8221;.<\/p>\n\n\n\n<p>Y aclara que &#8220;se entiende como uso responsable la no utilizaci\u00f3n de dispositivos digitales durante la jornada educativa, salvo requerimiento y\/o autorizaci\u00f3n expl\u00edcita del docente&#8221;.<\/p>\n\n\n\n<p>De obtener dictamen favorable en la comisi\u00f3n restante, el proyecto estar\u00e1 listo para ser tratado en sesiones ordinarias y, de ser aprobado, convertirse finalmente en Ley.<\/p>\n","protected":false},"excerpt":{"rendered":"<p>El proyecto del Senador Emmanuel Santalla que restringe el uso de pantallas en las escuelas primarias, con la \u00fanica excepci\u00f3n de los casos en que los docentes lo requieran con fines pedag\u00f3gicos. Avanza en la C\u00e1mara de Diputados de la provincia de Buenos Aires el proyecto del Senador Emmanuel Santalla que restringe el uso de [&hellip;]<\/p>\n","protected":false},"author":2,"featured_media":16272,"comment_status":"open","ping_status":"open","sticky":false,"template":"","format":"standard","meta":{"footnotes":""},"categories":[1,20,5],"tags":[1509],"_links":{"self":[{"href":"https:\/\/enlamira.info\/index.php\/wp-json\/wp\/v2\/posts\/16271"}],"collection":[{"href":"https:\/\/enlamira.info\/index.php\/wp-json\/wp\/v2\/posts"}],"about":[{"href":"https:\/\/enlamira.info\/index.php\/wp-json\/wp\/v2\/types\/post"}],"author":[{"embeddable":true,"href":"https:\/\/enlamira.info\/index.php\/wp-json\/wp\/v2\/users\/2"}],"replies":[{"embeddable":true,"href":"https:\/\/enlamira.info\/index.php\/wp-json\/wp\/v2\/comments?post=16271"}],"version-history":[{"count":1,"href":"https:\/\/enlamira.info\/index.php\/wp-json\/wp\/v2\/posts\/16271\/revisions"}],"predecessor-version":[{"id":16273,"href":"https:\/\/enlamira.info\/index.php\/wp-json\/wp\/v2\/posts\/16271\/revisions\/16273"}],"wp:featuredmedia":[{"embeddable":true,"href":"https:\/\/enlamira.info\/index.php\/wp-json\/wp\/v2\/media\/16272"}],"wp:attachment":[{"href":"https:\/\/enlamira.info\/index.php\/wp-json\/wp\/v2\/media?parent=16271"}],"wp:term":[{"taxonomy":"category","embeddable":true,"href":"https:\/\/enlamira.info\/index.php\/wp-json\/wp\/v2\/categories?post=16271"},{"taxonomy":"post_tag","embeddable":true,"href":"https:\/\/enlamira.info\/index.php\/wp-json\/wp\/v2\/tags?post=16271"}],"curies":[{"name":"wp","href":"https:\/\/api.w.org\/{rel}","templated":true}]}}