{"id":16235,"date":"2025-05-05T21:36:36","date_gmt":"2025-05-06T00:36:36","guid":{"rendered":"https:\/\/enlamira.info\/?p=16235"},"modified":"2025-05-05T21:36:36","modified_gmt":"2025-05-06T00:36:36","slug":"paro-de-colectivos-desde-las-0-horas-que-lineas-funcionaran","status":"publish","type":"post","link":"https:\/\/enlamira.info\/index.php\/2025\/05\/05\/paro-de-colectivos-desde-las-0-horas-que-lineas-funcionaran\/","title":{"rendered":"PARO DE COLECTIVOS DESDE LAS 0 HORAS: QUE L\u00cdNEAS FUNCIONAR\u00c1N"},"content":{"rendered":"\n<p>La Uni\u00f3n Tranviarios Automotor (UTA) anunci\u00f3 un paro de colectivos para este martes 6 de mayo. Si bien todav\u00eda no se confirm\u00f3 de manera definitoria esta medida, ya que se lleva a cabo esta tarde la \u00faltima reuni\u00f3n conciliatoria entre sindicalistas, c\u00e1maras empresariales y el Gobierno, el paro empezar\u00eda a las 0 del martes y ser\u00eda por 24 horas.<\/p>\n\n\n\n<p>La medida ser\u00eda a nivel nacional y afectar\u00eda a m\u00e1s de 300 l\u00edneas que circulan en el AMBA, de corta y larga distancia.<\/p>\n\n\n\n<p>Los desacuerdos entre las partes por los salarios, sumado a se agot\u00f3 el per\u00edodo de conciliaci\u00f3n obligatoria dictado por el Gobierno nacional, llevaron a la UTA a tomar esta decisi\u00f3n.<\/p>\n\n\n\n<p>Cu\u00e1les son las l\u00edneas que no se adhieren al paro del 6 de mayo<\/p>\n\n\n\n<p>Las l\u00edneas que pertenecen a la empresa DOTA (Doscientos Ocho Transporte Automotor) tienen a sus trabajadores nucleados en otro sello sindical (la UCRA) que no responde a la UTA, el gremio que lanz\u00f3 la medida de fuerza. En esta ocasi\u00f3n no adhirieron al paro del sector.<\/p>\n\n\n\n<p>La empresa DOTA no se sumar\u00eda a la medida de la UTA.La empresa DOTA no se sumar\u00eda a la medida de la UTA.<\/p>\n\n\n\n<p>El director de la empresa, Marcelo Pasciuto, en declaraciones radiales, dijo que respetar\u00eda la decisi\u00f3n de cada chofer si decide prestar servicio o sumarse al reclamo salarial. Dota tiene 68 l\u00edneas de colectivos en el \u00e1rea metropolitana.<\/p>\n\n\n\n<p>De este modo, las l\u00edneas que prestar\u00e1n sus servicios en la Ciudad de Buenos Aires el d\u00eda martes son: 5, 6, 7, 8, 9, 20, 21, 23, 24, 25, 28, 31, 44, 50, 51, 56, 57, 74, 76, 79, 84, 91, 99, 100, 101, 106, 107, 108, 115, 117, 130, 135, 146, 150, 161, 164, 168, 177 y 188.<\/p>\n\n\n\n<p>Y las l\u00edneas que funcionar\u00edan en la provincia de Buenos Aires son las siguientes: 256, 263, 271, 299, 370, 384, 385, 388, 403, 405, 421, 429, 435, 440, 503, 514, 520, 540, 550, 551, 552, 553, 570, 740.<\/p>\n","protected":false},"excerpt":{"rendered":"<p>La Uni\u00f3n Tranviarios Automotor (UTA) anunci\u00f3 un paro de colectivos para este martes 6 de mayo. Si bien todav\u00eda no se confirm\u00f3 de manera definitoria esta medida, ya que se lleva a cabo esta tarde la \u00faltima reuni\u00f3n conciliatoria entre sindicalistas, c\u00e1maras empresariales y el Gobierno, el paro empezar\u00eda a las 0 del martes y [&hellip;]<\/p>\n","protected":false},"author":2,"featured_media":16247,"comment_status":"open","ping_status":"open","sticky":false,"template":"","format":"standard","meta":{"footnotes":""},"categories":[1,34],"tags":[1499],"_links":{"self":[{"href":"https:\/\/enlamira.info\/index.php\/wp-json\/wp\/v2\/posts\/16235"}],"collection":[{"href":"https:\/\/enlamira.info\/index.php\/wp-json\/wp\/v2\/posts"}],"about":[{"href":"https:\/\/enlamira.info\/index.php\/wp-json\/wp\/v2\/types\/post"}],"author":[{"embeddable":true,"href":"https:\/\/enlamira.info\/index.php\/wp-json\/wp\/v2\/users\/2"}],"replies":[{"embeddable":true,"href":"https:\/\/enlamira.info\/index.php\/wp-json\/wp\/v2\/comments?post=16235"}],"version-history":[{"count":1,"href":"https:\/\/enlamira.info\/index.php\/wp-json\/wp\/v2\/posts\/16235\/revisions"}],"predecessor-version":[{"id":16248,"href":"https:\/\/enlamira.info\/index.php\/wp-json\/wp\/v2\/posts\/16235\/revisions\/16248"}],"wp:featuredmedia":[{"embeddable":true,"href":"https:\/\/enlamira.info\/index.php\/wp-json\/wp\/v2\/media\/16247"}],"wp:attachment":[{"href":"https:\/\/enlamira.info\/index.php\/wp-json\/wp\/v2\/media?parent=16235"}],"wp:term":[{"taxonomy":"category","embeddable":true,"href":"https:\/\/enlamira.info\/index.php\/wp-json\/wp\/v2\/categories?post=16235"},{"taxonomy":"post_tag","embeddable":true,"href":"https:\/\/enlamira.info\/index.php\/wp-json\/wp\/v2\/tags?post=16235"}],"curies":[{"name":"wp","href":"https:\/\/api.w.org\/{rel}","templated":true}]}}