{"id":16208,"date":"2025-05-04T12:56:59","date_gmt":"2025-05-04T15:56:59","guid":{"rendered":"https:\/\/enlamira.info\/?p=16208"},"modified":"2025-05-04T12:56:59","modified_gmt":"2025-05-04T15:56:59","slug":"el-papa-de-la-produccion-y-el-trabajo-columna-de-opinion-de-federico-cuomo","status":"publish","type":"post","link":"https:\/\/enlamira.info\/index.php\/2025\/05\/04\/el-papa-de-la-produccion-y-el-trabajo-columna-de-opinion-de-federico-cuomo\/","title":{"rendered":"El Papa de la Producci\u00f3n y el Trabajo: Columna de opini\u00f3n de Federico Cuomo"},"content":{"rendered":"\n<p>Cuando Francisco habla del trabajo, nos interpela. En un mundo donde todo se terceriza o se descarta, \u00e9l planta una bandera inc\u00f3moda: la del trabajo como dignidad y signo de creaci\u00f3n.<\/p>\n\n\n\n<p>Francisco no habla del trabajo como estad\u00edstica, sino como acto de justicia. Denuncia la cultura del descarte, donde el que no \u201csirve\u201d se deja afuera. Dice que el trabajo no es una limosna ni un premio al m\u00e9rito, sino un derecho y un acto de inclusi\u00f3n. Y eso lo ha dicho desde Roma pero con tonada del barrio de Flores, suena distinto.<\/p>\n\n\n\n<figure class=\"wp-block-image size-large\"><img loading=\"lazy\" decoding=\"async\" width=\"1024\" height=\"682\" src=\"https:\/\/enlamira.info\/wp-content\/uploads\/2025\/05\/8b475079-8459-4d8d-90b8-7fe7251f81c4-1024x682.jpg\" alt=\"\" class=\"wp-image-16210\" srcset=\"https:\/\/enlamira.info\/wp-content\/uploads\/2025\/05\/8b475079-8459-4d8d-90b8-7fe7251f81c4-1024x682.jpg 1024w, https:\/\/enlamira.info\/wp-content\/uploads\/2025\/05\/8b475079-8459-4d8d-90b8-7fe7251f81c4-300x200.jpg 300w, https:\/\/enlamira.info\/wp-content\/uploads\/2025\/05\/8b475079-8459-4d8d-90b8-7fe7251f81c4-768x512.jpg 768w, https:\/\/enlamira.info\/wp-content\/uploads\/2025\/05\/8b475079-8459-4d8d-90b8-7fe7251f81c4.jpg 1280w\" sizes=\"(max-width: 1024px) 100vw, 1024px\" \/><\/figure>\n\n\n\n<p>Los que sostenemos empleo sabemos lo que cuesta generar negocios para pagar sueldos cuando el Excel no cierra, por las p\u00e9simas decisiones gubernamentales.<\/p>\n\n\n\n<p>Muchos empresarios seguimos a Francisco, \u00e9l habla de una econom\u00eda con rostro humano. Ac\u00e1 abajo, en la econom\u00eda diaria, esa frase no es poes\u00eda. Es lucha diaria.<\/p>\n\n\n\n<figure class=\"wp-block-image size-large\"><img loading=\"lazy\" decoding=\"async\" width=\"1024\" height=\"682\" src=\"https:\/\/enlamira.info\/wp-content\/uploads\/2025\/05\/c0efa6ce-e8bf-4132-ae24-735e4ebd8f89-1024x682.jpg\" alt=\"\" class=\"wp-image-16211\" srcset=\"https:\/\/enlamira.info\/wp-content\/uploads\/2025\/05\/c0efa6ce-e8bf-4132-ae24-735e4ebd8f89-1024x682.jpg 1024w, https:\/\/enlamira.info\/wp-content\/uploads\/2025\/05\/c0efa6ce-e8bf-4132-ae24-735e4ebd8f89-300x200.jpg 300w, https:\/\/enlamira.info\/wp-content\/uploads\/2025\/05\/c0efa6ce-e8bf-4132-ae24-735e4ebd8f89-768x512.jpg 768w, https:\/\/enlamira.info\/wp-content\/uploads\/2025\/05\/c0efa6ce-e8bf-4132-ae24-735e4ebd8f89.jpg 1280w\" sizes=\"(max-width: 1024px) 100vw, 1024px\" \/><\/figure>\n\n\n\n<p>Quiz\u00e1s por eso sus palabras no son s\u00f3lo inspiraci\u00f3n: son motor. Porque mientras algunos sue\u00f1an con salvarse m\u00e1gicamente \u201cbr\u00f3\u201d, otros so\u00f1amos con seguir abriendo la persiana cada ma\u00f1ana. Creyendo que el trabajo no es un costo, sino un acto de amor y dignidad.<\/p>\n\n\n\n<p>Rezamos para que los pol\u00edticos lo entiendan y nos dejen crear fuentes de dignidad, en paz y armon\u00eda.<\/p>\n\n\n\n<p>Para TODOS. Y para honrar el legado del Papa Francisco.<\/p>\n\n\n\n<p>Federico Cuomo, empresario,  es el titular de Agua Tronador y ex presidente de la UIAv,<\/p>\n\n\n\n<figure class=\"wp-block-image size-large\"><img loading=\"lazy\" decoding=\"async\" width=\"1024\" height=\"681\" src=\"https:\/\/enlamira.info\/wp-content\/uploads\/2025\/05\/d7921d44-870f-4f02-a929-3d83be0335c2-1-1024x681.jpg\" alt=\"\" class=\"wp-image-16213\" srcset=\"https:\/\/enlamira.info\/wp-content\/uploads\/2025\/05\/d7921d44-870f-4f02-a929-3d83be0335c2-1-1024x681.jpg 1024w, https:\/\/enlamira.info\/wp-content\/uploads\/2025\/05\/d7921d44-870f-4f02-a929-3d83be0335c2-1-300x199.jpg 300w, https:\/\/enlamira.info\/wp-content\/uploads\/2025\/05\/d7921d44-870f-4f02-a929-3d83be0335c2-1-768x511.jpg 768w, https:\/\/enlamira.info\/wp-content\/uploads\/2025\/05\/d7921d44-870f-4f02-a929-3d83be0335c2-1.jpg 1280w\" sizes=\"(max-width: 1024px) 100vw, 1024px\" \/><\/figure>\n","protected":false},"excerpt":{"rendered":"<p>Cuando Francisco habla del trabajo, nos interpela. En un mundo donde todo se terceriza o se descarta, \u00e9l planta una bandera inc\u00f3moda: la del trabajo como dignidad y signo de creaci\u00f3n. Francisco no habla del trabajo como estad\u00edstica, sino como acto de justicia. Denuncia la cultura del descarte, donde el que no \u201csirve\u201d se deja [&hellip;]<\/p>\n","protected":false},"author":2,"featured_media":16209,"comment_status":"open","ping_status":"open","sticky":false,"template":"","format":"standard","meta":{"footnotes":""},"categories":[1,30],"tags":[1490],"_links":{"self":[{"href":"https:\/\/enlamira.info\/index.php\/wp-json\/wp\/v2\/posts\/16208"}],"collection":[{"href":"https:\/\/enlamira.info\/index.php\/wp-json\/wp\/v2\/posts"}],"about":[{"href":"https:\/\/enlamira.info\/index.php\/wp-json\/wp\/v2\/types\/post"}],"author":[{"embeddable":true,"href":"https:\/\/enlamira.info\/index.php\/wp-json\/wp\/v2\/users\/2"}],"replies":[{"embeddable":true,"href":"https:\/\/enlamira.info\/index.php\/wp-json\/wp\/v2\/comments?post=16208"}],"version-history":[{"count":1,"href":"https:\/\/enlamira.info\/index.php\/wp-json\/wp\/v2\/posts\/16208\/revisions"}],"predecessor-version":[{"id":16214,"href":"https:\/\/enlamira.info\/index.php\/wp-json\/wp\/v2\/posts\/16208\/revisions\/16214"}],"wp:featuredmedia":[{"embeddable":true,"href":"https:\/\/enlamira.info\/index.php\/wp-json\/wp\/v2\/media\/16209"}],"wp:attachment":[{"href":"https:\/\/enlamira.info\/index.php\/wp-json\/wp\/v2\/media?parent=16208"}],"wp:term":[{"taxonomy":"category","embeddable":true,"href":"https:\/\/enlamira.info\/index.php\/wp-json\/wp\/v2\/categories?post=16208"},{"taxonomy":"post_tag","embeddable":true,"href":"https:\/\/enlamira.info\/index.php\/wp-json\/wp\/v2\/tags?post=16208"}],"curies":[{"name":"wp","href":"https:\/\/api.w.org\/{rel}","templated":true}]}}