{"id":16181,"date":"2025-05-03T07:59:00","date_gmt":"2025-05-03T10:59:00","guid":{"rendered":"https:\/\/enlamira.info\/?p=16181"},"modified":"2025-05-02T17:00:28","modified_gmt":"2025-05-02T20:00:28","slug":"fernando-landaburu-arremete-contra-milei-y-advierte-sobre-el-peligro-de-sus-ataques-al-periodismo","status":"publish","type":"post","link":"https:\/\/enlamira.info\/index.php\/2025\/05\/03\/fernando-landaburu-arremete-contra-milei-y-advierte-sobre-el-peligro-de-sus-ataques-al-periodismo\/","title":{"rendered":"Fernando Landaburu arremete contra Milei y advierte sobre el peligro de sus ataques al periodismo"},"content":{"rendered":"\n<p>Las recientes declaraciones del presidente Javier Milei contra los periodistas han generado un fuerte rechazo en distintos sectores pol\u00edticos. En particular, Fernando Landaburu, dirigente radical de Avellaneda, ha salido a condenar los dichos del mandatario, se\u00f1alando que sus ataques permanentes contra la prensa generan un clima propicio para hechos de violencia.<\/p>\n\n\n\n<p>Milei difundi\u00f3 un mensaje en el que acus\u00f3 a los periodistas de entrenar t\u00e1cticas para provocar a entrevistados y luego victimizarse. \u201cPasen y vean. Aqu\u00ed un periodista me cuenta lo que hacen para tratar de sacar a una persona para que reaccione y luego ponerse en el lugar de v\u00edctima. Es parte de una estrategia\u201d, escribi\u00f3 en sus redes sociales. Adem\u00e1s, concluy\u00f3 con una frase que ha repetido en varias oportunidades: \u201cNo odiamos lo suficiente a los periodistas\u2026 Ciao!\u201d<\/p>\n\n\n\n<p>Landaburu, quien en el pasado conden\u00f3 los ataques al periodismo durante el kirchnerismo, ha expresado su preocupaci\u00f3n por el tono de las declaraciones de Milei. Seg\u00fan su postura, este tipo de mensajes no solo deslegitiman el trabajo de la prensa, sino que tambi\u00e9n pueden incentivar agresiones contra periodistas en un contexto de creciente tensi\u00f3n pol\u00edtica<\/p>\n\n\n\n<p>Diversos sectores han advertido sobre los riesgos de alimentar discursos de odio contra la prensa, recordando que la libertad de expresi\u00f3n es un pilar fundamental de la democracia. Mientras tanto, la comunidad period\u00edstica ha rechazado las acusaciones del presidente, asegurando que el ejercicio profesional del periodismo no incluye t\u00e1cticas de provocaci\u00f3n como las que Milei sugiere<\/p>\n\n\n\n<p>El debate sobre el rol de la prensa y la relaci\u00f3n del gobierno con los medios sigue en el centro de la escena pol\u00edtica, con voces que defienden la labor period\u00edstica y alertan sobre los peligros de los discursos que buscan desacreditarla.<\/p>\n","protected":false},"excerpt":{"rendered":"<p>Las recientes declaraciones del presidente Javier Milei contra los periodistas han generado un fuerte rechazo en distintos sectores pol\u00edticos. En particular, Fernando Landaburu, dirigente radical de Avellaneda, ha salido a condenar los dichos del mandatario, se\u00f1alando que sus ataques permanentes contra la prensa generan un clima propicio para hechos de violencia. Milei difundi\u00f3 un mensaje [&hellip;]<\/p>\n","protected":false},"author":2,"featured_media":16182,"comment_status":"open","ping_status":"open","sticky":false,"template":"","format":"standard","meta":{"footnotes":""},"categories":[1,20,34],"tags":[1480],"_links":{"self":[{"href":"https:\/\/enlamira.info\/index.php\/wp-json\/wp\/v2\/posts\/16181"}],"collection":[{"href":"https:\/\/enlamira.info\/index.php\/wp-json\/wp\/v2\/posts"}],"about":[{"href":"https:\/\/enlamira.info\/index.php\/wp-json\/wp\/v2\/types\/post"}],"author":[{"embeddable":true,"href":"https:\/\/enlamira.info\/index.php\/wp-json\/wp\/v2\/users\/2"}],"replies":[{"embeddable":true,"href":"https:\/\/enlamira.info\/index.php\/wp-json\/wp\/v2\/comments?post=16181"}],"version-history":[{"count":1,"href":"https:\/\/enlamira.info\/index.php\/wp-json\/wp\/v2\/posts\/16181\/revisions"}],"predecessor-version":[{"id":16183,"href":"https:\/\/enlamira.info\/index.php\/wp-json\/wp\/v2\/posts\/16181\/revisions\/16183"}],"wp:featuredmedia":[{"embeddable":true,"href":"https:\/\/enlamira.info\/index.php\/wp-json\/wp\/v2\/media\/16182"}],"wp:attachment":[{"href":"https:\/\/enlamira.info\/index.php\/wp-json\/wp\/v2\/media?parent=16181"}],"wp:term":[{"taxonomy":"category","embeddable":true,"href":"https:\/\/enlamira.info\/index.php\/wp-json\/wp\/v2\/categories?post=16181"},{"taxonomy":"post_tag","embeddable":true,"href":"https:\/\/enlamira.info\/index.php\/wp-json\/wp\/v2\/tags?post=16181"}],"curies":[{"name":"wp","href":"https:\/\/api.w.org\/{rel}","templated":true}]}}