{"id":1613,"date":"2024-03-20T11:44:59","date_gmt":"2024-03-20T14:44:59","guid":{"rendered":"https:\/\/enlamira.info\/?p=1613"},"modified":"2024-03-20T11:52:20","modified_gmt":"2024-03-20T14:52:20","slug":"el-oficialismo-postergo-la-negociacion-con-los-gobernadores-y-proyecta-tratar-la-ley-bases-en-abril","status":"publish","type":"post","link":"https:\/\/enlamira.info\/index.php\/2024\/03\/20\/el-oficialismo-postergo-la-negociacion-con-los-gobernadores-y-proyecta-tratar-la-ley-bases-en-abril\/","title":{"rendered":"El oficialismo posterg\u00f3 la negociaci\u00f3n con los gobernadores y proyecta tratar la Ley Bases en abril"},"content":{"rendered":"\n<p>El Ejecutivo aplaz\u00f3 las citaciones de las comisiones de Econom\u00eda y de Gobierno con los ministros provinciales y busca llegar al Congreso con \u201cacuerdos cerrados\u201d.<\/p>\n\n\n\n<p>El Gobierno posterg\u00f3 la\u00a0negociaci\u00f3n con los gobernadores\u00a0y apunta a\u00a0tratar la nueva \u201cLey Bases\u201d en la C\u00e1mara de Diputados reci\u00e9n a mediados de abril.\u00a0Seg\u00fan fuentes de la Casa Rosada, la premisa es que el proyecto desembarque en la C\u00e1mara baja con todos \u201clos acuerdos cerrados\u201d de antemano.<\/p>\n\n\n\n<p>\u201cSuponemos que lo remitiremos en unas dos semanas, cuando est\u00e9n listos los consensos\u201d, confi\u00f3 una muy alta fuente de la Casa Rosada a&nbsp;<em>LA NACI\u00d3N<\/em>.<\/p>\n\n\n\n<p>La nueva estrategia oficial difiere de la que se hab\u00eda trazado en enero, cuando se envi\u00f3 al Congreso un megaproyecto de 600 art\u00edculos, que result\u00f3 en un complicado proceso de negociaci\u00f3n y votaci\u00f3n. Esta vez, se espera llegar al Congreso con un proyecto nuevo de unos 200 art\u00edculos y con un s\u00f3lido consenso con los bloques aliados y los gobernadores.\u00a0<\/p>\n\n\n\n<p>Tras las\u00a0reuniones con los bloques de la oposici\u00f3n dialoguista, ahora el foco est\u00e1 en los gobernadores, a quienes se planea convocar para avanzar en el acuerdo. Para ello,\u00a0el Gobierno distribuy\u00f3 \u201cborradores\u201d de las dos iniciativas (la \u201cley Bases bis\u201d y la \u201cLey de Medidas Fiscales Paliativas y Relevantes\u201d)\u00a0entre las bancadas aliadas y los mandatarios provinciales.<\/p>\n\n\n\n<p>Seg\u00fan trascendi\u00f3, la Casa Rosada trabaja en una convocatoria a los ministros de gobierno de las provincias. Por el momento, a\u00fan no se habr\u00eda decidido si se llamar\u00e1 a todos los distritos juntos o se ir\u00e1 por grupos.<\/p>\n\n\n\n<p>Seg\u00fan adelant\u00f3&nbsp;<em>TN<\/em>, el Ejecutivo planea que las comisiones de Econom\u00eda y de Gobierno sean citadas para despu\u00e9s de Semana Santa, aunque por ahora tampoco hay fechas confirmadas.<\/p>\n\n\n\n<p>El secretario de Hacienda, Carlos Guberman, liderar\u00e1 la primera y se encargar\u00e1 de negociar los detalles del pacto fiscal con los ministros econ\u00f3micos provinciales. Mientras que la segunda ser\u00e1 encabezada por un integrante del Ministerio de Interior y uno de jefatura de gabinete \u2013aparentemente Lisandro Catal\u00e1n y Jos\u00e9 \u201cCochi\u201d Rolandi\u2013 con los ministros de Gobierno del interior.<\/p>\n\n\n\n<p>Reci\u00e9n una vez superada esta instancia pol\u00edtica, est\u00e1 previsto que las carteras econ\u00f3micas de las provincias sean citadas por el Ministerio de Econom\u00eda para analizar el impacto del paquete fiscal a nivel t\u00e9cnico.&nbsp;\u201cLo primero es sacar la ley Bases. La iniciativa fiscal es para tratar con las provincias y como parte de camino al Pacto de Mayo\u201d, dijo hoy un colaborador de la Casa Rosada.<\/p>\n\n\n\n<p>En cuanto al contenido, todos los bloques que se reunieron con los funcionarios expresaron la urgencia de cambiar la\u00a0f\u00f3rmula previsional\u00a0lo antes posible. A pesar de la presi\u00f3n en el Congreso, circul\u00f3 la posibilidad de separar el c\u00e1lculo jubilatorio de la ley Bases y anticiparlo mediante un Decreto de Necesidad y Urgencia (DNU). Sin embargo, esta ma\u00f1ana, despu\u00e9s de la reuni\u00f3n de gabinete en Casa Rosada, el Gobierno descart\u00f3 esa idea.<\/p>\n\n\n\n<p>En relaci\u00f3n al\u00a0paquete fiscal, el aspecto m\u00e1s controvertido es el impuesto a las Ganancias y la discusi\u00f3n involucra a los gobernadores patag\u00f3nicos.\u00a0<\/p>\n\n\n\n<p>Seg\u00fan el borrador del paquete fiscal, el\u00a0Gobierno\u00a0propuso restablecer el impuesto a los ingresos de la cuarta categor\u00eda con una base no imponible de $1.100.000. Esta propuesta implicar\u00eda que 1,5 millones de personas comiencen a pagar el impuesto sobre el salario.\u00a0Los gobernadores de las provincias m\u00e1s australes rechazan esta propuesta debido al impacto que el impuesto tiene en sus poblaciones, que tienen salarios m\u00e1s altos que en el resto del pa\u00eds.<\/p>\n","protected":false},"excerpt":{"rendered":"<p>El Ejecutivo aplaz\u00f3 las citaciones de las comisiones de Econom\u00eda y de Gobierno con los ministros provinciales y busca llegar al Congreso con \u201cacuerdos cerrados\u201d. El Gobierno posterg\u00f3 la\u00a0negociaci\u00f3n con los gobernadores\u00a0y apunta a\u00a0tratar la nueva \u201cLey Bases\u201d en la C\u00e1mara de Diputados reci\u00e9n a mediados de abril.\u00a0Seg\u00fan fuentes de la Casa Rosada, la premisa [&hellip;]<\/p>\n","protected":false},"author":2,"featured_media":1615,"comment_status":"open","ping_status":"open","sticky":false,"template":"","format":"standard","meta":{"footnotes":""},"categories":[20],"tags":[],"_links":{"self":[{"href":"https:\/\/enlamira.info\/index.php\/wp-json\/wp\/v2\/posts\/1613"}],"collection":[{"href":"https:\/\/enlamira.info\/index.php\/wp-json\/wp\/v2\/posts"}],"about":[{"href":"https:\/\/enlamira.info\/index.php\/wp-json\/wp\/v2\/types\/post"}],"author":[{"embeddable":true,"href":"https:\/\/enlamira.info\/index.php\/wp-json\/wp\/v2\/users\/2"}],"replies":[{"embeddable":true,"href":"https:\/\/enlamira.info\/index.php\/wp-json\/wp\/v2\/comments?post=1613"}],"version-history":[{"count":2,"href":"https:\/\/enlamira.info\/index.php\/wp-json\/wp\/v2\/posts\/1613\/revisions"}],"predecessor-version":[{"id":1617,"href":"https:\/\/enlamira.info\/index.php\/wp-json\/wp\/v2\/posts\/1613\/revisions\/1617"}],"wp:featuredmedia":[{"embeddable":true,"href":"https:\/\/enlamira.info\/index.php\/wp-json\/wp\/v2\/media\/1615"}],"wp:attachment":[{"href":"https:\/\/enlamira.info\/index.php\/wp-json\/wp\/v2\/media?parent=1613"}],"wp:term":[{"taxonomy":"category","embeddable":true,"href":"https:\/\/enlamira.info\/index.php\/wp-json\/wp\/v2\/categories?post=1613"},{"taxonomy":"post_tag","embeddable":true,"href":"https:\/\/enlamira.info\/index.php\/wp-json\/wp\/v2\/tags?post=1613"}],"curies":[{"name":"wp","href":"https:\/\/api.w.org\/{rel}","templated":true}]}}