{"id":16096,"date":"2025-04-27T21:35:21","date_gmt":"2025-04-28T00:35:21","guid":{"rendered":"https:\/\/enlamira.info\/?p=16096"},"modified":"2025-04-27T21:36:45","modified_gmt":"2025-04-28T00:36:45","slug":"autodromo-de-villa-dominico-en-peligro-la-paciencia-se-agota-y-los-vecinos-endurecen-la-lucha","status":"publish","type":"post","link":"https:\/\/enlamira.info\/index.php\/2025\/04\/27\/autodromo-de-villa-dominico-en-peligro-la-paciencia-se-agota-y-los-vecinos-endurecen-la-lucha\/","title":{"rendered":"Aut\u00f3dromo de Avellaneda en peligro: la paciencia se agota y los vecinos endurecen la lucha"},"content":{"rendered":"\n<p>En la zona de quintas, sobre la calle Juan B. Justo y paralelo al arroyo Sarand\u00ed, los vecinos y amantes del automovilismo de Avellaneda se han congregado en el Aut\u00f3dromo de Villa Dom\u00ednico, ahora en el centro de una controversia.<\/p>\n\n\n\n<p>El intendente ha ordenado a sus concejales la rezonificaci\u00f3n de la zona, pasando de un canon mensual de 50 mil pesos a una exorbitante suma de <strong>3 millones de pesos<\/strong>. Esta medida ha generado indignaci\u00f3n y preocupaci\u00f3n en la comunidad, donde algunos denuncian que detr\u00e1s de la decisi\u00f3n habr\u00eda un negocio inmobiliario encubierto.<\/p>\n\n\n\n<figure class=\"wp-block-image size-large\"><img loading=\"lazy\" decoding=\"async\" width=\"1024\" height=\"768\" src=\"https:\/\/enlamira.info\/wp-content\/uploads\/2025\/04\/WhatsApp-Image-2025-04-27-at-21.17.56-1024x768.jpeg\" alt=\"\" class=\"wp-image-16098\" srcset=\"https:\/\/enlamira.info\/wp-content\/uploads\/2025\/04\/WhatsApp-Image-2025-04-27-at-21.17.56-1024x768.jpeg 1024w, https:\/\/enlamira.info\/wp-content\/uploads\/2025\/04\/WhatsApp-Image-2025-04-27-at-21.17.56-300x225.jpeg 300w, https:\/\/enlamira.info\/wp-content\/uploads\/2025\/04\/WhatsApp-Image-2025-04-27-at-21.17.56-768x576.jpeg 768w, https:\/\/enlamira.info\/wp-content\/uploads\/2025\/04\/WhatsApp-Image-2025-04-27-at-21.17.56-1536x1152.jpeg 1536w, https:\/\/enlamira.info\/wp-content\/uploads\/2025\/04\/WhatsApp-Image-2025-04-27-at-21.17.56.jpeg 1600w\" sizes=\"(max-width: 1024px) 100vw, 1024px\" \/><\/figure>\n\n\n\n<p>Nuestro medio ha venido siguiendo este tema que inquieta a los vecinos. La desaparici\u00f3n del autodr\u00f3mo no solo afectar\u00eda el acceso a un deporte y una tradici\u00f3n cultural, sino que tambi\u00e9n podr\u00eda aumentar los accidentes viales debido a las picadas ilegales en la v\u00eda p\u00fablica.<\/p>\n\n\n\n<p>Cabe destacar que ya hubo una reuni\u00f3n con el intendente <strong>Jorge Ferraresi<\/strong>, quien prometi\u00f3 gestionar otro espacio para los aficionados al automovilismo. Sin embargo, pocos creen en sus palabras, ya que el tiempo pasa sin soluciones concretas.<\/p>\n\n\n\n<figure class=\"wp-block-embed is-type-video is-provider-youtube wp-block-embed-youtube wp-embed-aspect-16-9 wp-has-aspect-ratio\"><div class=\"wp-block-embed__wrapper\">\n<iframe loading=\"lazy\" title=\"VILLA DOM\u00cdNICO: FERRARESI QUIERE CERRAR EL AUT\u00d3DROMO DE AVELLANEDA\" width=\"640\" height=\"360\" src=\"https:\/\/www.youtube.com\/embed\/j9cTCGLqOzk?feature=oembed\" frameborder=\"0\" allow=\"accelerometer; autoplay; clipboard-write; encrypted-media; gyroscope; picture-in-picture; web-share\" referrerpolicy=\"strict-origin-when-cross-origin\" allowfullscreen><\/iframe>\n<\/div><\/figure>\n\n\n\n<p>Ante esta situaci\u00f3n, luego de varias protestas pac\u00edficas, la paciencia de los vecinos se ha agotado y <strong>no se descarta una marcha masiva de autos hacia la casa del intendente, con bloque incluido<\/strong>. Otros opinan movilizarse al Municipio. <\/p>\n\n\n\n<p><\/p>\n","protected":false},"excerpt":{"rendered":"<p>En la zona de quintas, sobre la calle Juan B. Justo y paralelo al arroyo Sarand\u00ed, los vecinos y amantes del automovilismo de Avellaneda se han congregado en el Aut\u00f3dromo de Villa Dom\u00ednico, ahora en el centro de una controversia. El intendente ha ordenado a sus concejales la rezonificaci\u00f3n de la zona, pasando de un [&hellip;]<\/p>\n","protected":false},"author":2,"featured_media":16097,"comment_status":"open","ping_status":"open","sticky":false,"template":"","format":"standard","meta":{"footnotes":""},"categories":[1,14],"tags":[1429],"_links":{"self":[{"href":"https:\/\/enlamira.info\/index.php\/wp-json\/wp\/v2\/posts\/16096"}],"collection":[{"href":"https:\/\/enlamira.info\/index.php\/wp-json\/wp\/v2\/posts"}],"about":[{"href":"https:\/\/enlamira.info\/index.php\/wp-json\/wp\/v2\/types\/post"}],"author":[{"embeddable":true,"href":"https:\/\/enlamira.info\/index.php\/wp-json\/wp\/v2\/users\/2"}],"replies":[{"embeddable":true,"href":"https:\/\/enlamira.info\/index.php\/wp-json\/wp\/v2\/comments?post=16096"}],"version-history":[{"count":2,"href":"https:\/\/enlamira.info\/index.php\/wp-json\/wp\/v2\/posts\/16096\/revisions"}],"predecessor-version":[{"id":16100,"href":"https:\/\/enlamira.info\/index.php\/wp-json\/wp\/v2\/posts\/16096\/revisions\/16100"}],"wp:featuredmedia":[{"embeddable":true,"href":"https:\/\/enlamira.info\/index.php\/wp-json\/wp\/v2\/media\/16097"}],"wp:attachment":[{"href":"https:\/\/enlamira.info\/index.php\/wp-json\/wp\/v2\/media?parent=16096"}],"wp:term":[{"taxonomy":"category","embeddable":true,"href":"https:\/\/enlamira.info\/index.php\/wp-json\/wp\/v2\/categories?post=16096"},{"taxonomy":"post_tag","embeddable":true,"href":"https:\/\/enlamira.info\/index.php\/wp-json\/wp\/v2\/tags?post=16096"}],"curies":[{"name":"wp","href":"https:\/\/api.w.org\/{rel}","templated":true}]}}