{"id":16085,"date":"2025-04-26T21:33:40","date_gmt":"2025-04-27T00:33:40","guid":{"rendered":"https:\/\/enlamira.info\/?p=16085"},"modified":"2025-04-26T21:33:40","modified_gmt":"2025-04-27T00:33:40","slug":"avellaneda-karina-banfi-denuncia-zonas-liberadas-y-acusa-a-kicillof-de-aplicar-una-politica-de-eutanasia-en-buenos-aires","status":"publish","type":"post","link":"https:\/\/enlamira.info\/index.php\/2025\/04\/26\/avellaneda-karina-banfi-denuncia-zonas-liberadas-y-acusa-a-kicillof-de-aplicar-una-politica-de-eutanasia-en-buenos-aires\/","title":{"rendered":"Avellaneda: Karina Banfi denuncia &#8216;zonas liberadas&#8217; y acusa a Kicillof de aplicar una &#8220;pol\u00edtica de eutanasia&#8221; en Buenos Aires"},"content":{"rendered":"\n<p><strong>La diputada nacional por la UCR lanz\u00f3 duras cr\u00edticas al gobernador, al ministro de seguridad y exige medidas concretas contra la inseguridad y el abandono en salud.<\/strong><\/p>\n\n\n\n<figure class=\"wp-block-image size-large\"><img loading=\"lazy\" decoding=\"async\" width=\"1024\" height=\"768\" src=\"https:\/\/enlamira.info\/wp-content\/uploads\/2025\/04\/6e008dcb-aadd-4365-9e60-3b919a63b755-1024x768.jpg\" alt=\"\" class=\"wp-image-16089\" srcset=\"https:\/\/enlamira.info\/wp-content\/uploads\/2025\/04\/6e008dcb-aadd-4365-9e60-3b919a63b755-1024x768.jpg 1024w, https:\/\/enlamira.info\/wp-content\/uploads\/2025\/04\/6e008dcb-aadd-4365-9e60-3b919a63b755-300x225.jpg 300w, https:\/\/enlamira.info\/wp-content\/uploads\/2025\/04\/6e008dcb-aadd-4365-9e60-3b919a63b755-768x576.jpg 768w, https:\/\/enlamira.info\/wp-content\/uploads\/2025\/04\/6e008dcb-aadd-4365-9e60-3b919a63b755-1536x1152.jpg 1536w, https:\/\/enlamira.info\/wp-content\/uploads\/2025\/04\/6e008dcb-aadd-4365-9e60-3b919a63b755.jpg 1600w\" sizes=\"(max-width: 1024px) 100vw, 1024px\" \/><\/figure>\n\n\n\n<p>En una recorrida por Plaza Alsina de Avellaneda, la diputada nacional UCR Karina Banfi, acompa\u00f1ada por el dirigente local Fernando Landaburu, lider\u00f3 una campa\u00f1a de recolecci\u00f3n de firmas para exigir al gobierno provincial y municipal acciones inmediatas frente a la inseguridad. Banfi no escatim\u00f3 en cr\u00edticas hacia el gobernador Axel Kicillof, acus\u00e1ndolo de implementar una \u201cpol\u00edtica de eutanasia\u201d en el sistema de salud bonaerense y de permitir \u201czonas liberadas\u201d al delito.<\/p>\n\n\n\n<figure class=\"wp-block-image size-large\"><img loading=\"lazy\" decoding=\"async\" width=\"1024\" height=\"768\" src=\"https:\/\/enlamira.info\/wp-content\/uploads\/2025\/04\/1563ec95-47e3-4b69-ab40-99bf399144dd-1024x768.jpg\" alt=\"\" class=\"wp-image-16090\" srcset=\"https:\/\/enlamira.info\/wp-content\/uploads\/2025\/04\/1563ec95-47e3-4b69-ab40-99bf399144dd-1024x768.jpg 1024w, https:\/\/enlamira.info\/wp-content\/uploads\/2025\/04\/1563ec95-47e3-4b69-ab40-99bf399144dd-300x225.jpg 300w, https:\/\/enlamira.info\/wp-content\/uploads\/2025\/04\/1563ec95-47e3-4b69-ab40-99bf399144dd-768x576.jpg 768w, https:\/\/enlamira.info\/wp-content\/uploads\/2025\/04\/1563ec95-47e3-4b69-ab40-99bf399144dd-1536x1152.jpg 1536w, https:\/\/enlamira.info\/wp-content\/uploads\/2025\/04\/1563ec95-47e3-4b69-ab40-99bf399144dd.jpg 1600w\" sizes=\"(max-width: 1024px) 100vw, 1024px\" \/><\/figure>\n\n\n\n<figure class=\"wp-block-image size-large\"><img loading=\"lazy\" decoding=\"async\" width=\"768\" height=\"1024\" src=\"https:\/\/enlamira.info\/wp-content\/uploads\/2025\/04\/4faaa9ea-66a4-41b2-a53f-acdf4afb8fde-768x1024.jpg\" alt=\"\" class=\"wp-image-16091\" srcset=\"https:\/\/enlamira.info\/wp-content\/uploads\/2025\/04\/4faaa9ea-66a4-41b2-a53f-acdf4afb8fde-768x1024.jpg 768w, https:\/\/enlamira.info\/wp-content\/uploads\/2025\/04\/4faaa9ea-66a4-41b2-a53f-acdf4afb8fde-225x300.jpg 225w, https:\/\/enlamira.info\/wp-content\/uploads\/2025\/04\/4faaa9ea-66a4-41b2-a53f-acdf4afb8fde-1152x1536.jpg 1152w, https:\/\/enlamira.info\/wp-content\/uploads\/2025\/04\/4faaa9ea-66a4-41b2-a53f-acdf4afb8fde.jpg 1200w\" sizes=\"(max-width: 768px) 100vw, 768px\" \/><\/figure>\n\n\n\n<p>EL BARRIO DEL MINISTRO ALONSO<\/p>\n\n\n\n<p>\u201cLa inseguridad en el conurbano es insostenible. Hay zonas liberadas por la polic\u00eda, el gobernador y los intendentes, donde no hay decisi\u00f3n de combatir el delito. Esto afecta la vida normal de los ciudadanos, oblig\u00e1ndolos a abandonar los lugares donde crecieron\u201d, afirm\u00f3 Banfi. La diputada tambi\u00e9n apunt\u00f3 directamente al ministro de seguridad, Javier Alonso, se\u00f1alando que \u201cvive ac\u00e1 a la vuelta y sus vecinos piden seguridad firmando nuestras planillas. No hay seguridad ni en su propio barrio\u201d. Seg\u00fan Banfi, la falta de respuesta del ministro evidencia su incapacidad para desempe\u00f1ar el cargo.<\/p>\n\n\n\n<p>LA EUTANASIA DE KICILLOF <\/p>\n\n\n\n<p>En cuanto a la salud, Banfi fue contundente: \u201cLa pol\u00edtica del gobernador en materia de salud es la eutanasia. Dejan morir a los ciudadanos, y si sos viejo, peor\u201d. Adem\u00e1s, denunci\u00f3 el vaciamiento del IOMA y el desmantelamiento de los hospitales provinciales, que enfrentan una grave falta de insumos, personal precarizado y una atenci\u00f3n deficiente. <\/p>\n\n\n\n<p>Estas declaraciones reflejan el descontento generalizado de los vecinos, quienes tambi\u00e9n enfrentan dificultades con el transporte p\u00fablico, agravadas por la ca\u00edda de varias l\u00edneas de colectivos en Avellaneda.<\/p>\n\n\n\n<p>PAPA FRANCISCO<\/p>\n\n\n\n<p>Banfi llam\u00f3 a tomar como ejemplo al Papa Francisco, instando a los l\u00edderes pol\u00edticos a superar divisiones ideol\u00f3gicas y trabajar en conjunto por el bienestar de la gente. \u201cNecesitamos vivir en paz, sin miedo, y que quienes gobiernan se pongan los pantalones largos para tomar las decisiones que realmente cambien la vida de los ciudadanos\u201d, enfatiz\u00f3.<\/p>\n","protected":false},"excerpt":{"rendered":"<p>La diputada nacional por la UCR lanz\u00f3 duras cr\u00edticas al gobernador, al ministro de seguridad y exige medidas concretas contra la inseguridad y el abandono en salud. En una recorrida por Plaza Alsina de Avellaneda, la diputada nacional UCR Karina Banfi, acompa\u00f1ada por el dirigente local Fernando Landaburu, lider\u00f3 una campa\u00f1a de recolecci\u00f3n de firmas [&hellip;]<\/p>\n","protected":false},"author":2,"featured_media":16088,"comment_status":"open","ping_status":"open","sticky":false,"template":"","format":"standard","meta":{"footnotes":""},"categories":[1,32,20,5,23],"tags":[1426,1427,298],"_links":{"self":[{"href":"https:\/\/enlamira.info\/index.php\/wp-json\/wp\/v2\/posts\/16085"}],"collection":[{"href":"https:\/\/enlamira.info\/index.php\/wp-json\/wp\/v2\/posts"}],"about":[{"href":"https:\/\/enlamira.info\/index.php\/wp-json\/wp\/v2\/types\/post"}],"author":[{"embeddable":true,"href":"https:\/\/enlamira.info\/index.php\/wp-json\/wp\/v2\/users\/2"}],"replies":[{"embeddable":true,"href":"https:\/\/enlamira.info\/index.php\/wp-json\/wp\/v2\/comments?post=16085"}],"version-history":[{"count":1,"href":"https:\/\/enlamira.info\/index.php\/wp-json\/wp\/v2\/posts\/16085\/revisions"}],"predecessor-version":[{"id":16092,"href":"https:\/\/enlamira.info\/index.php\/wp-json\/wp\/v2\/posts\/16085\/revisions\/16092"}],"wp:featuredmedia":[{"embeddable":true,"href":"https:\/\/enlamira.info\/index.php\/wp-json\/wp\/v2\/media\/16088"}],"wp:attachment":[{"href":"https:\/\/enlamira.info\/index.php\/wp-json\/wp\/v2\/media?parent=16085"}],"wp:term":[{"taxonomy":"category","embeddable":true,"href":"https:\/\/enlamira.info\/index.php\/wp-json\/wp\/v2\/categories?post=16085"},{"taxonomy":"post_tag","embeddable":true,"href":"https:\/\/enlamira.info\/index.php\/wp-json\/wp\/v2\/tags?post=16085"}],"curies":[{"name":"wp","href":"https:\/\/api.w.org\/{rel}","templated":true}]}}