{"id":15865,"date":"2025-04-20T07:22:00","date_gmt":"2025-04-20T10:22:00","guid":{"rendered":"https:\/\/enlamira.info\/?p=15865"},"modified":"2025-04-18T19:23:13","modified_gmt":"2025-04-18T22:23:13","slug":"ate-lanzo-un-paro-para-el-23-de-abril-en-rechazo-al-aumento-salarial-por-debajo-de-la-inflacion-y-la-devaluacion","status":"publish","type":"post","link":"https:\/\/enlamira.info\/index.php\/2025\/04\/20\/ate-lanzo-un-paro-para-el-23-de-abril-en-rechazo-al-aumento-salarial-por-debajo-de-la-inflacion-y-la-devaluacion\/","title":{"rendered":"ATE lanz\u00f3 un paro para el 23 de abril en rechaz\u00f3 al aumento salarial \u00abpor debajo de la inflaci\u00f3n y la devaluaci\u00f3n\u00bb"},"content":{"rendered":"\n<p>La Asociaci\u00f3n Trabajadores del Estado (ATE), que conduce Rodolfo Aguiar, se declar\u00f3 en estado de asamblea permanente y anunci\u00f3 una nueva Jornada Nacional de Lucha para el pr\u00f3ximo mi\u00e9rcoles 23 de abril en toda la Administraci\u00f3n P\u00fablica.<\/p>\n\n\n\n<p>La Asociaci\u00f3n Trabajadores del Estado (ATE) declar\u00f3 el estado de asamblea permanente en toda la Administraci\u00f3n P\u00fablica contra el gobierno de Javier Milei. El gremio lanz\u00f3 una serie de protestas simult\u00e1neas en todos los organismos p\u00fablicos y ministerios para el pr\u00f3ximo mi\u00e9rcoles 23 de abril, en el marco de una nueva Jornada Nacional de Lucha.<\/p>\n\n\n\n<p>Las protestas del mi\u00e9rcoles 23 de abril comenzar\u00e1n a las 11 de la ma\u00f1ana con diversas modalidades que incluir\u00e1n asambleas, paros, radios abiertas, cese de tareas y retiros de los lugares de trabajo. ATE no descart\u00f3 que en algunos casos puedan producirse bloqueos, dejando a cada organismo la definici\u00f3n espec\u00edfica de sus acciones de protesta.<\/p>\n\n\n\n<p>La medida de fuerza nace como una respuesta contundente al acuerdo paritario firmado recientemente, que ATE considera \u00abpor debajo de la inflaci\u00f3n y la devaluaci\u00f3n\u00bb impulsada por la administraci\u00f3n de Milei.<\/p>\n\n\n\n<p>El titular del gremio estatal, Rodolfo Aguiar, afirm\u00f3 que, \u00abno le podemos dar tregua a un Gobierno que est\u00e1 perdiendo el consenso social. El da\u00f1o que nos causaron a los estatales con la complicidad de otro sindicato en la \u00faltima paritaria es irreparable\u00bb, subray\u00f3.<\/p>\n\n\n\n<p>El dirigente enfatiz\u00f3 en la necesidad de \u00abmultiplicar las protestas en todos los sectores para rechazar la posibilidad que se siga recortando en el Estado\u00bb y convoc\u00f3 a los trabajadores a afiliarse masivamente a ATE para \u00abser mayor\u00eda en el Estado Nacional para impedir el fraude en las paritarias\u00bb.<\/p>\n\n\n\n<p>La decisi\u00f3n se tom\u00f3 durante un encuentro del Secretariado Ampliado realizado en el Hotel H\u00e9ctor Quagliaro del sindicato en la Ciudad Aut\u00f3noma de Buenos Aires. En este contexto, Aguiar destac\u00f3 que \u00abel plan de lucha que hemos mantenido los estatales ha evitado que haya una mayor cantidad de despedidos y que la transformaci\u00f3n del Estado encarada por el Gobierno no sea tan profunda\u00bb, expres\u00f3.<\/p>\n\n\n\n<p>El titular de ATE tambi\u00e9n advirti\u00f3 sobre las intenciones del Ejecutivo y resalt\u00f3 que, \u00abtenemos que impedir que el presidente Milei cumpla con las amenazas que hizo por Cadena Nacional de seguir ajustando sobre el sector p\u00fablico y acelerar el proceso de privatizaciones\u00bb, apunt\u00f3.<\/p>\n\n\n\n<p>La protesta del 23 de abril tambi\u00e9n tendr\u00e1 como eje central el rechazo al nuevo acuerdo con el Fondo Monetario Internacional (FMI). \u00abUn entendimiento que se traduce en m\u00e1s ajuste para los jubilados y menos derechos para todos los trabajadores. Tenemos que rechazar la injerencia del Fondo en la econom\u00eda y en la vida cotidiana de las argentinas y los argentinos\u00bb, sentenci\u00f3 Aguiar, al tiempo que manifest\u00f3 la oposici\u00f3n del gremio a las reformas previsional, tributaria, laboral y de coparticipaci\u00f3n que se intentan implementar.<\/p>\n\n\n\n<p>Por su parte, la Secretaria Adjunta de ATE, Mercedes Cabezas, se\u00f1al\u00f3 que \u00abdirigentes nacionales de nuestro sindicato nos reunimos para poner en agenda nuevas medidas de fuerza para las pr\u00f3ximas semanas. Estamos de acuerdo en que la imagen del Gobierno en todo el pa\u00eds se est\u00e1 derrumbando y en parte, es gracias a la lucha que venimos dando desde antes que asumiera\u00bb, reflexion\u00f3.<\/p>\n\n\n\n<p>Cabezas fue cr\u00edtica con el acuerdo con el FMI, calific\u00e1ndolo como \u00abno s\u00f3lo una nueva toma de deuda, sino que esconde detr\u00e1s, un nuevo ajuste que otra vez pagaremos jubilados, estatales, docentes: es decir la clase trabajadora. Es una nueva condena a nuestros hijos y nietos, a que no puedan tener proyectos a largo plazo en su propio pa\u00eds\u00bb. La dirigenta reafirm\u00f3 el compromiso de ATE de \u00abseguir dando la pelea en todos los frentes\u00bb y poner en agenda que \u00abparar es un derecho y que organizarse nos da garant\u00edas de que nadie se salva solo\u00bb.<\/p>\n\n\n\n<p>ATE lanz\u00f3 una campa\u00f1a masiva de afiliaciones con el objetivo de fortalecer su representatividad en el Estado y lograr revertir la desfavorable situaci\u00f3n salarial que atraviesa el sector p\u00fablico.<\/p>\n\n\n\n<p>Cabe recordar que la \u00faltima paritaria para los trabajadores de la Administraci\u00f3n P\u00fablica Nacional (APN) cerr\u00f3 con un aumento del 1,3% para los meses de marzo, abril y mayo, un porcentaje que ATE calific\u00f3 de \u00abirrisorio\u00bb al representar apenas un tercio del 3,7% de inflaci\u00f3n que el INDEC inform\u00f3 para el mes de marzo. Este acuerdo fue aceptado por la Uni\u00f3n del Personal Civil de la Naci\u00f3n (UPCN), generando el fuerte rechazo de ATE.<\/p>\n\n\n\n<p>Finalmente, el sindicato tambi\u00e9n expres\u00f3 su preocupaci\u00f3n por la reciente devaluaci\u00f3n del 13% registrada en la \u00faltima semana, producto de las \u00faltimas medidas econ\u00f3micas anunciadas por el Ejecutivo nacional, lo que agrava a\u00fan m\u00e1s la p\u00e9rdida de poder adquisitivo de los salarios de los trabajadores estatales.<\/p>\n","protected":false},"excerpt":{"rendered":"<p>La Asociaci\u00f3n Trabajadores del Estado (ATE), que conduce Rodolfo Aguiar, se declar\u00f3 en estado de asamblea permanente y anunci\u00f3 una nueva Jornada Nacional de Lucha para el pr\u00f3ximo mi\u00e9rcoles 23 de abril en toda la Administraci\u00f3n P\u00fablica. La Asociaci\u00f3n Trabajadores del Estado (ATE) declar\u00f3 el estado de asamblea permanente en toda la Administraci\u00f3n P\u00fablica contra [&hellip;]<\/p>\n","protected":false},"author":2,"featured_media":15870,"comment_status":"open","ping_status":"open","sticky":false,"template":"","format":"standard","meta":{"footnotes":""},"categories":[34],"tags":[1362],"_links":{"self":[{"href":"https:\/\/enlamira.info\/index.php\/wp-json\/wp\/v2\/posts\/15865"}],"collection":[{"href":"https:\/\/enlamira.info\/index.php\/wp-json\/wp\/v2\/posts"}],"about":[{"href":"https:\/\/enlamira.info\/index.php\/wp-json\/wp\/v2\/types\/post"}],"author":[{"embeddable":true,"href":"https:\/\/enlamira.info\/index.php\/wp-json\/wp\/v2\/users\/2"}],"replies":[{"embeddable":true,"href":"https:\/\/enlamira.info\/index.php\/wp-json\/wp\/v2\/comments?post=15865"}],"version-history":[{"count":1,"href":"https:\/\/enlamira.info\/index.php\/wp-json\/wp\/v2\/posts\/15865\/revisions"}],"predecessor-version":[{"id":15871,"href":"https:\/\/enlamira.info\/index.php\/wp-json\/wp\/v2\/posts\/15865\/revisions\/15871"}],"wp:featuredmedia":[{"embeddable":true,"href":"https:\/\/enlamira.info\/index.php\/wp-json\/wp\/v2\/media\/15870"}],"wp:attachment":[{"href":"https:\/\/enlamira.info\/index.php\/wp-json\/wp\/v2\/media?parent=15865"}],"wp:term":[{"taxonomy":"category","embeddable":true,"href":"https:\/\/enlamira.info\/index.php\/wp-json\/wp\/v2\/categories?post=15865"},{"taxonomy":"post_tag","embeddable":true,"href":"https:\/\/enlamira.info\/index.php\/wp-json\/wp\/v2\/tags?post=15865"}],"curies":[{"name":"wp","href":"https:\/\/api.w.org\/{rel}","templated":true}]}}