{"id":15832,"date":"2025-04-15T20:10:34","date_gmt":"2025-04-15T23:10:34","guid":{"rendered":"https:\/\/enlamira.info\/?p=15832"},"modified":"2025-04-15T20:10:34","modified_gmt":"2025-04-15T23:10:34","slug":"hernan-doval-fue-reelecto-secretario-general-del-stma-con-los-votos-del-72-del-padron","status":"publish","type":"post","link":"https:\/\/enlamira.info\/index.php\/2025\/04\/15\/hernan-doval-fue-reelecto-secretario-general-del-stma-con-los-votos-del-72-del-padron\/","title":{"rendered":"Hern\u00e1n Doval fue reelecto Secretario General del STMA, con los votos del 72% del padr\u00f3n"},"content":{"rendered":"\n<p>Este martes 15 de abril, Hern\u00e1n Doval fue reelecto como Secretario General del STMA (Sindicato de Trabajadores Municipales de Avellaneda) para el per\u00edodo 2025-2029 con un contundente apoyo de los trabajadores municipales del distrito.<\/p>\n\n\n\n<figure class=\"wp-block-image size-large\"><img loading=\"lazy\" decoding=\"async\" width=\"1024\" height=\"691\" src=\"https:\/\/enlamira.info\/wp-content\/uploads\/2025\/04\/GomhPq7XIAAw4Ts-1024x691.jpg\" alt=\"\" class=\"wp-image-15833\" srcset=\"https:\/\/enlamira.info\/wp-content\/uploads\/2025\/04\/GomhPq7XIAAw4Ts-1024x691.jpg 1024w, https:\/\/enlamira.info\/wp-content\/uploads\/2025\/04\/GomhPq7XIAAw4Ts-300x202.jpg 300w, https:\/\/enlamira.info\/wp-content\/uploads\/2025\/04\/GomhPq7XIAAw4Ts-768x518.jpg 768w, https:\/\/enlamira.info\/wp-content\/uploads\/2025\/04\/GomhPq7XIAAw4Ts-1536x1037.jpg 1536w, https:\/\/enlamira.info\/wp-content\/uploads\/2025\/04\/GomhPq7XIAAw4Ts.jpg 2048w\" sizes=\"(max-width: 1024px) 100vw, 1024px\" \/><\/figure>\n\n\n\n<p>Estaban habilitados para votar 3.405 afiliados. El candidato de la Lista Verde \u201cAntonio Cholo Garc\u00eda\u201d vot\u00f3 sobre el cierre del comicio en la sede Sindical.<\/p>\n\n\n\n<p>Durante toda la jornada electoral, de 6 a 18 horas, las trabajadoras y trabajadores municipales de Avellaneda votaron en las distintas urnas de manera masiva.<\/p>\n\n\n\n<figure class=\"wp-block-image size-large\"><img loading=\"lazy\" decoding=\"async\" width=\"1024\" height=\"576\" src=\"https:\/\/enlamira.info\/wp-content\/uploads\/2025\/04\/GomhPq6WwAA-yl6-1024x576.jpg\" alt=\"\" class=\"wp-image-15834\" srcset=\"https:\/\/enlamira.info\/wp-content\/uploads\/2025\/04\/GomhPq6WwAA-yl6-1024x576.jpg 1024w, https:\/\/enlamira.info\/wp-content\/uploads\/2025\/04\/GomhPq6WwAA-yl6-300x169.jpg 300w, https:\/\/enlamira.info\/wp-content\/uploads\/2025\/04\/GomhPq6WwAA-yl6-768x432.jpg 768w, https:\/\/enlamira.info\/wp-content\/uploads\/2025\/04\/GomhPq6WwAA-yl6.jpg 1280w\" sizes=\"(max-width: 1024px) 100vw, 1024px\" \/><\/figure>\n\n\n\n<p>\u201cReafirmamos nuestro compromiso para con las trabajadoras y los trabajadores municipales de Avellaneda, con la responsabilidad de siempre y con el entusiasmo de siempre vamos a dar lo mejor de nosotros\u201d, dijo Doval al finalizar la jornada.<\/p>\n\n\n\n<p>De esta manera, el tambi\u00e9n Secretario General de los municipales a nivel nacional como titular de la Confederaci\u00f3n de Trabajadores Municipales de la Rep\u00fablica Argentina, fue reelecto en su Sindicato de base en Avellaneda.<\/p>\n\n\n\n<figure class=\"wp-block-embed is-type-video is-provider-youtube wp-block-embed-youtube wp-embed-aspect-16-9 wp-has-aspect-ratio\"><div class=\"wp-block-embed__wrapper\">\n<iframe loading=\"lazy\" title=\"Avellaneda: Hern\u00e1n Doval fue reelecto Secretario General del STMA\" width=\"640\" height=\"360\" src=\"https:\/\/www.youtube.com\/embed\/gbpk72ajgvQ?feature=oembed\" frameborder=\"0\" allow=\"accelerometer; autoplay; clipboard-write; encrypted-media; gyroscope; picture-in-picture; web-share\" referrerpolicy=\"strict-origin-when-cross-origin\" allowfullscreen><\/iframe>\n<\/div><\/figure>\n","protected":false},"excerpt":{"rendered":"<p>Este martes 15 de abril, Hern\u00e1n Doval fue reelecto como Secretario General del STMA (Sindicato de Trabajadores Municipales de Avellaneda) para el per\u00edodo 2025-2029 con un contundente apoyo de los trabajadores municipales del distrito. Estaban habilitados para votar 3.405 afiliados. El candidato de la Lista Verde \u201cAntonio Cholo Garc\u00eda\u201d vot\u00f3 sobre el cierre del comicio [&hellip;]<\/p>\n","protected":false},"author":2,"featured_media":0,"comment_status":"open","ping_status":"open","sticky":false,"template":"","format":"standard","meta":{"footnotes":""},"categories":[1,20,34],"tags":[163,1349,1348,1350],"_links":{"self":[{"href":"https:\/\/enlamira.info\/index.php\/wp-json\/wp\/v2\/posts\/15832"}],"collection":[{"href":"https:\/\/enlamira.info\/index.php\/wp-json\/wp\/v2\/posts"}],"about":[{"href":"https:\/\/enlamira.info\/index.php\/wp-json\/wp\/v2\/types\/post"}],"author":[{"embeddable":true,"href":"https:\/\/enlamira.info\/index.php\/wp-json\/wp\/v2\/users\/2"}],"replies":[{"embeddable":true,"href":"https:\/\/enlamira.info\/index.php\/wp-json\/wp\/v2\/comments?post=15832"}],"version-history":[{"count":1,"href":"https:\/\/enlamira.info\/index.php\/wp-json\/wp\/v2\/posts\/15832\/revisions"}],"predecessor-version":[{"id":15835,"href":"https:\/\/enlamira.info\/index.php\/wp-json\/wp\/v2\/posts\/15832\/revisions\/15835"}],"wp:attachment":[{"href":"https:\/\/enlamira.info\/index.php\/wp-json\/wp\/v2\/media?parent=15832"}],"wp:term":[{"taxonomy":"category","embeddable":true,"href":"https:\/\/enlamira.info\/index.php\/wp-json\/wp\/v2\/categories?post=15832"},{"taxonomy":"post_tag","embeddable":true,"href":"https:\/\/enlamira.info\/index.php\/wp-json\/wp\/v2\/tags?post=15832"}],"curies":[{"name":"wp","href":"https:\/\/api.w.org\/{rel}","templated":true}]}}