{"id":15794,"date":"2025-04-15T07:03:00","date_gmt":"2025-04-15T10:03:00","guid":{"rendered":"https:\/\/enlamira.info\/?p=15794"},"modified":"2025-04-15T00:08:17","modified_gmt":"2025-04-15T03:08:17","slug":"viviana-canosa-denunciara-a-lizy-tagliani-por-presunta-implicacion-en-una-red-de-trata","status":"publish","type":"post","link":"https:\/\/enlamira.info\/index.php\/2025\/04\/15\/viviana-canosa-denunciara-a-lizy-tagliani-por-presunta-implicacion-en-una-red-de-trata\/","title":{"rendered":"Viviana Canosa denunciar\u00e1 a Lizy Tagliani por presunta implicaci\u00f3n en una red de trata"},"content":{"rendered":"\n<p>La conductora adelant\u00f3 que llevar\u00e1 pruebas a la Justicia y har\u00e1 una presentaci\u00f3n en Comodoro Py el pr\u00f3ximo 16 de abril.<\/p>\n\n\n\n<p>Viviana Canosa volvi\u00f3 a arremeter contra Lizy Tagliani, anunciando que la denunciar\u00e1 junto a otros famosos por presuntamente estar involucrados en una red de trata de personas. En su programa Viviana en vivo (eltrece), Canosa asegur\u00f3 que tiene pruebas de las acusaciones y afirm\u00f3 que har\u00e1 una presentaci\u00f3n formal en los tribunales. \u201cEl mi\u00e9rcoles 16 de abril voy a estar en Comodoro Py, para que vean que no me ando con chiquitas\u201d, sentenci\u00f3 la conductora.<\/p>\n\n\n\n<p>Durante su editorial, Canosa fue m\u00e1s all\u00e1 al vincular a Tagliani con fiestas de la far\u00e1ndula que incluir\u00edan la presencia de menores de edad. Adem\u00e1s, mencion\u00f3 que la humorista podr\u00eda estar relacionada con el caso de Marcelo Corazza, exconcursante de Gran Hermano (Telefe), quien fue arrestado por formar parte de una red de explotaci\u00f3n sexual de menores. \u201cA m\u00ed hay temas que me irritan profundamente, y lo que m\u00e1s me irrita son los temas de los menores\u201d, se\u00f1al\u00f3 Canosa.<\/p>\n\n\n\n<p>Por su parte, Lizy Tagliani rompi\u00f3 el silencio sobre las acusaciones en su contra durante su participaci\u00f3n en La Pe\u00f1a de Morfi (Telefe). Visiblemente afectada, la conductora se mostr\u00f3 triste y revel\u00f3 que estaba atravesando un momento dif\u00edcil debido a las denuncias. Sin embargo, aclar\u00f3 que siempre fue honesta y fiel a su palabra. \u201cYo s\u00e9 qui\u00e9n soy, estoy muy segura y mi nombre y el de mi mam\u00e1 son un honor para m\u00ed\u201d, declar\u00f3 con la voz quebrada.<\/p>\n\n\n\n<p>Lizy tambi\u00e9n expres\u00f3 su gratitud hacia aquellos que la apoyan incondicionalmente, como sus amigos de toda la vida y sus clientes. \u201cGracias a Dios, tengo 54 a\u00f1os y todav\u00eda conservo a mis amigos de la infancia\u201d, afirm\u00f3, destacando el respaldo que recibi\u00f3 de quienes la conocen de cerca. A lo largo de su intervenci\u00f3n, la conductora insisti\u00f3 en que nunca mentir\u00eda y se comprometi\u00f3 a asumir la responsabilidad si alguna vez se probara la veracidad de las acusaciones.<\/p>\n","protected":false},"excerpt":{"rendered":"<p>La conductora adelant\u00f3 que llevar\u00e1 pruebas a la Justicia y har\u00e1 una presentaci\u00f3n en Comodoro Py el pr\u00f3ximo 16 de abril. Viviana Canosa volvi\u00f3 a arremeter contra Lizy Tagliani, anunciando que la denunciar\u00e1 junto a otros famosos por presuntamente estar involucrados en una red de trata de personas. En su programa Viviana en vivo (eltrece), [&hellip;]<\/p>\n","protected":false},"author":2,"featured_media":15797,"comment_status":"open","ping_status":"open","sticky":false,"template":"","format":"standard","meta":{"footnotes":""},"categories":[15],"tags":[1337],"_links":{"self":[{"href":"https:\/\/enlamira.info\/index.php\/wp-json\/wp\/v2\/posts\/15794"}],"collection":[{"href":"https:\/\/enlamira.info\/index.php\/wp-json\/wp\/v2\/posts"}],"about":[{"href":"https:\/\/enlamira.info\/index.php\/wp-json\/wp\/v2\/types\/post"}],"author":[{"embeddable":true,"href":"https:\/\/enlamira.info\/index.php\/wp-json\/wp\/v2\/users\/2"}],"replies":[{"embeddable":true,"href":"https:\/\/enlamira.info\/index.php\/wp-json\/wp\/v2\/comments?post=15794"}],"version-history":[{"count":1,"href":"https:\/\/enlamira.info\/index.php\/wp-json\/wp\/v2\/posts\/15794\/revisions"}],"predecessor-version":[{"id":15798,"href":"https:\/\/enlamira.info\/index.php\/wp-json\/wp\/v2\/posts\/15794\/revisions\/15798"}],"wp:featuredmedia":[{"embeddable":true,"href":"https:\/\/enlamira.info\/index.php\/wp-json\/wp\/v2\/media\/15797"}],"wp:attachment":[{"href":"https:\/\/enlamira.info\/index.php\/wp-json\/wp\/v2\/media?parent=15794"}],"wp:term":[{"taxonomy":"category","embeddable":true,"href":"https:\/\/enlamira.info\/index.php\/wp-json\/wp\/v2\/categories?post=15794"},{"taxonomy":"post_tag","embeddable":true,"href":"https:\/\/enlamira.info\/index.php\/wp-json\/wp\/v2\/tags?post=15794"}],"curies":[{"name":"wp","href":"https:\/\/api.w.org\/{rel}","templated":true}]}}