{"id":15736,"date":"2025-04-11T20:13:38","date_gmt":"2025-04-11T23:13:38","guid":{"rendered":"https:\/\/enlamira.info\/?p=15736"},"modified":"2025-04-11T20:13:38","modified_gmt":"2025-04-11T23:13:38","slug":"la-inflacion-de-marzo-se-acelero-fuerte-fue-del-37-la-mas-alta-en-siete-meses","status":"publish","type":"post","link":"https:\/\/enlamira.info\/index.php\/2025\/04\/11\/la-inflacion-de-marzo-se-acelero-fuerte-fue-del-37-la-mas-alta-en-siete-meses\/","title":{"rendered":"La inflaci\u00f3n de marzo se aceler\u00f3 fuerte: fue del 3,7%, la m\u00e1s alta en siete meses"},"content":{"rendered":"\n<p>Luego del rebote de febrero, el organismo estad\u00edstico dio a conocer una nueva aceleraci\u00f3n en el tercer mes del a\u00f1o. En la acumulada del a\u00f1o lleg\u00f3 al 55,9%.<\/p>\n\n\n\n<p>La inflaci\u00f3n de marzo se aceler\u00f3 fuerte: fue del 3,7%, la m\u00e1s alta en siete meses<\/p>\n\n\n\n<p>La inflaci\u00f3n de marzo se aceler\u00f3 fuerte y trep\u00f3 al 3,7%, la m\u00e1s alta en siete meses, seg\u00fan el Indec. De esta forma, el \u00cdndice de Precios al Consumidor creci\u00f3 por segunda vez consecutiva respecto al mes previo y en esta oportunidad, los alimentos escalaron muy por encima del promedio.<\/p>\n\n\n\n<p>El nivel general del \u00cdndice de precios al consumidor registr\u00f3 un alza mensual de 3,7% en marzo de 2025, y acumul\u00f3 en el a\u00f1o una variaci\u00f3n de 8,6%. En la comparaci\u00f3n interanual, el incremento fue de 55,9%.<\/p>\n\n\n\n<p>Los alimentos registraron la suba m\u00e1s alta en 11 meses<\/p>\n\n\n\n<p>La divisi\u00f3n de mayor aumento en el mes fue educaci\u00f3n (21,6%), con subas en todos los niveles educativos por el inicio del ciclo lectivo. Sin embargo, le sigui\u00f3 alimentos y bebidas no alcoh\u00f3licas (5,9%), principalmente por incrementos en verduras, tub\u00e9rculos y legumbres y carnes y derivados. De esta forma, los alimentos registraron la suba m\u00e1s alta en un a\u00f1o, cuando en abril de 2024 escalaron al 6%.<\/p>\n\n\n\n<p>La divisi\u00f3n que registr\u00f3 la mayor incidencia en todas las regiones fue alimentos y bebidas no alcoh\u00f3licas (3,2%), por los aumentos en carnes y derivados y verduras, tub\u00e9rculos y legumbres. Las dos divisiones que registraron las menores variaciones en marzo fueron bebidas alcoh\u00f3licas y tabaco (0,8%) y recreaci\u00f3n y cultura (0,2%).<\/p>\n\n\n\n<p>A nivel de las categor\u00edas, los precios estacionales (8,4%) lideraron el incremento, seguida de regulados (3,2%) e IPC N\u00facleo (3,2%).<\/p>\n\n\n\n<p>A nivel regional, los precios subieron 3,9% en el Gran Buenos Aires, 3,6% en la zona Pampeana, 3,1% en el Noreste, 4,3% en el Noroeste, 3,5% en Cuyo, y 3,3% en la Patagonia.<\/p>\n\n\n\n<p>Una familia tipo necesit\u00f3 en marzo m\u00e1s de $1.100.000 para no ser pobre<\/p>\n\n\n\n<p>Una familia tipo necesit\u00f3 $ 1.100.267 para no ser considerada pobre en el Gran Buenos Aires, de acuerdo con el estudio de valorizaci\u00f3n mensual de canastas difundido por el Indec. Ese fue el valor de la Canasta B\u00e1sica Total (CBT), que incluye tanto alimentos como otros bienes y servicios esenciales como transporte, salud, educaci\u00f3n y vestimenta.<\/p>\n\n\n\n<p>La variaci\u00f3n mensual de esta canasta fue del 4% respecto de febrero. En lo que va del a\u00f1o, acumula un aumento del 7,4%, mientras que la variaci\u00f3n interanual alcanz\u00f3 el 42,3%. Por su parte, la Canasta B\u00e1sica Alimentaria (CBA) -que define el umbral de la indigencia y contempla \u00fanicamente los alimentos necesarios para cubrir los requerimientos nutricionales m\u00ednimos- se ubic\u00f3 en $ 495.616 para ese mismo hogar.<\/p>\n\n\n\n<p>Esta canasta tuvo una suba mensual del 5,9%, acumula un 10,3% en el a\u00f1o y muestra un incremento interanual del 38,4%. Estas canastas se calculan a partir del consumo de un adulto equivalente, cuya l\u00ednea de pobreza en marzo fue de $356.073 y la de indigencia, de $160.393.<\/p>\n\n\n\n<p>Los datos reflejan el impacto del aumento del costo de vida sobre los hogares y son clave para monitorear la evoluci\u00f3n de la pobreza y la indigencia en el pa\u00eds.<\/p>\n","protected":false},"excerpt":{"rendered":"<p>Luego del rebote de febrero, el organismo estad\u00edstico dio a conocer una nueva aceleraci\u00f3n en el tercer mes del a\u00f1o. En la acumulada del a\u00f1o lleg\u00f3 al 55,9%. La inflaci\u00f3n de marzo se aceler\u00f3 fuerte: fue del 3,7%, la m\u00e1s alta en siete meses La inflaci\u00f3n de marzo se aceler\u00f3 fuerte y trep\u00f3 al 3,7%, [&hellip;]<\/p>\n","protected":false},"author":2,"featured_media":15740,"comment_status":"open","ping_status":"open","sticky":false,"template":"","format":"standard","meta":{"footnotes":""},"categories":[21],"tags":[1313,1312,1314],"_links":{"self":[{"href":"https:\/\/enlamira.info\/index.php\/wp-json\/wp\/v2\/posts\/15736"}],"collection":[{"href":"https:\/\/enlamira.info\/index.php\/wp-json\/wp\/v2\/posts"}],"about":[{"href":"https:\/\/enlamira.info\/index.php\/wp-json\/wp\/v2\/types\/post"}],"author":[{"embeddable":true,"href":"https:\/\/enlamira.info\/index.php\/wp-json\/wp\/v2\/users\/2"}],"replies":[{"embeddable":true,"href":"https:\/\/enlamira.info\/index.php\/wp-json\/wp\/v2\/comments?post=15736"}],"version-history":[{"count":1,"href":"https:\/\/enlamira.info\/index.php\/wp-json\/wp\/v2\/posts\/15736\/revisions"}],"predecessor-version":[{"id":15741,"href":"https:\/\/enlamira.info\/index.php\/wp-json\/wp\/v2\/posts\/15736\/revisions\/15741"}],"wp:featuredmedia":[{"embeddable":true,"href":"https:\/\/enlamira.info\/index.php\/wp-json\/wp\/v2\/media\/15740"}],"wp:attachment":[{"href":"https:\/\/enlamira.info\/index.php\/wp-json\/wp\/v2\/media?parent=15736"}],"wp:term":[{"taxonomy":"category","embeddable":true,"href":"https:\/\/enlamira.info\/index.php\/wp-json\/wp\/v2\/categories?post=15736"},{"taxonomy":"post_tag","embeddable":true,"href":"https:\/\/enlamira.info\/index.php\/wp-json\/wp\/v2\/tags?post=15736"}],"curies":[{"name":"wp","href":"https:\/\/api.w.org\/{rel}","templated":true}]}}