{"id":15702,"date":"2025-04-10T07:33:00","date_gmt":"2025-04-10T10:33:00","guid":{"rendered":"https:\/\/enlamira.info\/?p=15702"},"modified":"2025-04-09T21:33:58","modified_gmt":"2025-04-10T00:33:58","slug":"insolito-solano-ataron-una-camioneta-a-la-marquesina-para-evitar-un-robo-pero-termino-todo-destruido","status":"publish","type":"post","link":"https:\/\/enlamira.info\/index.php\/2025\/04\/10\/insolito-solano-ataron-una-camioneta-a-la-marquesina-para-evitar-un-robo-pero-termino-todo-destruido\/","title":{"rendered":"Ins\u00f3lito Solano: ataron una camioneta a la marquesina para evitar un robo, pero termin\u00f3 todo destruido"},"content":{"rendered":"\n<p>Un ins\u00f3lito accidente se registr\u00f3 esta ma\u00f1ana en la esquina de Donato \u00c1lvarez y La Tranquera, en el l\u00edmite de Solano (Quilmes) y Florencio Varela.<\/p>\n\n\n\n<p>Una camioneta que hab\u00eda sido atada con una linga a la marquesina de un comercio para evitar que fuera robada, termin\u00f3 generando una peligrosa situaci\u00f3n.<\/p>\n\n\n\n<p>Seg\u00fan testigos del hecho, otra camioneta que circulaba por la zona roz\u00f3 el veh\u00edculo estacionado, lo que provoc\u00f3 el colapso de la estructura met\u00e1lica. La marquesina se vino abajo con estruendo y dej\u00f3 escombros esparcidos sobre la vereda y parte de la calzada.<\/p>\n\n\n\n<p>Milagrosamente, no se registraron heridos, aunque el episodio caus\u00f3 gran preocupaci\u00f3n entre los vecinos, quienes se acercaron r\u00e1pidamente al lugar al escuchar el ruido del derrumbe. \u201cFue un desastre. Por suerte no hab\u00eda nadie caminando justo por ah\u00ed\u201d, coment\u00f3 una vecina que vive a pocos metros de la esquina.<\/p>\n\n\n\n<p>La maniobra de seguridad improvisada por los due\u00f1os del veh\u00edculo \u2013atarlo a la marquesina\u2013 llam\u00f3 la atenci\u00f3n por lo riesgosa. Vecinos se\u00f1alaron que los robos de camionetas y utilitarios en esa zona son frecuentes, y que los comerciantes y residentes se ven obligados a tomar medidas desesperadas para proteger sus bienes.<\/p>\n","protected":false},"excerpt":{"rendered":"<p>Un ins\u00f3lito accidente se registr\u00f3 esta ma\u00f1ana en la esquina de Donato \u00c1lvarez y La Tranquera, en el l\u00edmite de Solano (Quilmes) y Florencio Varela. Una camioneta que hab\u00eda sido atada con una linga a la marquesina de un comercio para evitar que fuera robada, termin\u00f3 generando una peligrosa situaci\u00f3n. Seg\u00fan testigos del hecho, otra [&hellip;]<\/p>\n","protected":false},"author":2,"featured_media":15703,"comment_status":"open","ping_status":"open","sticky":false,"template":"","format":"standard","meta":{"footnotes":""},"categories":[1],"tags":[],"_links":{"self":[{"href":"https:\/\/enlamira.info\/index.php\/wp-json\/wp\/v2\/posts\/15702"}],"collection":[{"href":"https:\/\/enlamira.info\/index.php\/wp-json\/wp\/v2\/posts"}],"about":[{"href":"https:\/\/enlamira.info\/index.php\/wp-json\/wp\/v2\/types\/post"}],"author":[{"embeddable":true,"href":"https:\/\/enlamira.info\/index.php\/wp-json\/wp\/v2\/users\/2"}],"replies":[{"embeddable":true,"href":"https:\/\/enlamira.info\/index.php\/wp-json\/wp\/v2\/comments?post=15702"}],"version-history":[{"count":1,"href":"https:\/\/enlamira.info\/index.php\/wp-json\/wp\/v2\/posts\/15702\/revisions"}],"predecessor-version":[{"id":15704,"href":"https:\/\/enlamira.info\/index.php\/wp-json\/wp\/v2\/posts\/15702\/revisions\/15704"}],"wp:featuredmedia":[{"embeddable":true,"href":"https:\/\/enlamira.info\/index.php\/wp-json\/wp\/v2\/media\/15703"}],"wp:attachment":[{"href":"https:\/\/enlamira.info\/index.php\/wp-json\/wp\/v2\/media?parent=15702"}],"wp:term":[{"taxonomy":"category","embeddable":true,"href":"https:\/\/enlamira.info\/index.php\/wp-json\/wp\/v2\/categories?post=15702"},{"taxonomy":"post_tag","embeddable":true,"href":"https:\/\/enlamira.info\/index.php\/wp-json\/wp\/v2\/tags?post=15702"}],"curies":[{"name":"wp","href":"https:\/\/api.w.org\/{rel}","templated":true}]}}