{"id":15687,"date":"2025-04-08T20:26:29","date_gmt":"2025-04-08T23:26:29","guid":{"rendered":"https:\/\/enlamira.info\/?p=15687"},"modified":"2025-04-08T20:26:29","modified_gmt":"2025-04-08T23:26:29","slug":"acceso-sudeste-un-menor-de-villa-azul-intento-apunalar-a-un-policia","status":"publish","type":"post","link":"https:\/\/enlamira.info\/index.php\/2025\/04\/08\/acceso-sudeste-un-menor-de-villa-azul-intento-apunalar-a-un-policia\/","title":{"rendered":"ACCESO SUDESTE: UN MENOR DE VILLA AZUL INTENT\u00d3 APU\u00d1ALAR A UN POLIC\u00cdA"},"content":{"rendered":"\n<p>La inseguridad en Bernal Oeste alcanza niveles alarmantes. En las \u00faltimas horas, un joven de Villa Azul intent\u00f3 apu\u00f1alar a un polic\u00eda, marcando la segunda jornada de incidentes en la zona. Ayer, se viraliz\u00f3 una imagen de delincuentes saqueando y despojando de dinero a automovilistas en el Acceso Sudeste.<\/p>\n\n\n\n<figure class=\"wp-block-image size-large\"><img loading=\"lazy\" decoding=\"async\" width=\"1024\" height=\"576\" src=\"https:\/\/enlamira.info\/wp-content\/uploads\/2025\/04\/5f083319-653b-4eb5-bbe1-2f262286d333-1024x576.jpg\" alt=\"\" class=\"wp-image-15689\" srcset=\"https:\/\/enlamira.info\/wp-content\/uploads\/2025\/04\/5f083319-653b-4eb5-bbe1-2f262286d333-1024x576.jpg 1024w, https:\/\/enlamira.info\/wp-content\/uploads\/2025\/04\/5f083319-653b-4eb5-bbe1-2f262286d333-300x169.jpg 300w, https:\/\/enlamira.info\/wp-content\/uploads\/2025\/04\/5f083319-653b-4eb5-bbe1-2f262286d333-768x432.jpg 768w, https:\/\/enlamira.info\/wp-content\/uploads\/2025\/04\/5f083319-653b-4eb5-bbe1-2f262286d333-1536x864.jpg 1536w, https:\/\/enlamira.info\/wp-content\/uploads\/2025\/04\/5f083319-653b-4eb5-bbe1-2f262286d333.jpg 1600w\" sizes=\"(max-width: 1024px) 100vw, 1024px\" \/><\/figure>\n\n\n\n<p>En Villa Itat\u00ed, vecinos cortaron el Acceso Sudeste exigiendo dinero a automovilistas y camioneros, alegando que buscan &#8220;colaborar&#8221; con la familia de un joven de 16 a\u00f1os asesinado recientemente, seg\u00fan ellos, por narcotraficantes que residen en la villa. La situaci\u00f3n refleja una creciente crisis social y de seguridad.<\/p>\n\n\n\n<figure class=\"wp-block-image size-full\"><img loading=\"lazy\" decoding=\"async\" width=\"768\" height=\"532\" src=\"http:\/\/enlamira.info\/wp-content\/uploads\/2025\/04\/AA1Cu7sF-1.jpg\" alt=\"El \u201cpeaje\u201d del Acceso Sudeste que indign\u00f3 a los vecinos: \u201cSi no pag\u00e1s, no pas\u00e1s\u201d\" class=\"wp-image-15678\" srcset=\"https:\/\/enlamira.info\/wp-content\/uploads\/2025\/04\/AA1Cu7sF-1.jpg 768w, https:\/\/enlamira.info\/wp-content\/uploads\/2025\/04\/AA1Cu7sF-1-300x208.jpg 300w\" sizes=\"(max-width: 768px) 100vw, 768px\" \/><figcaption class=\"wp-element-caption\">El \u201cpeaje\u201d del Acceso Sudeste que indign\u00f3 a los vecinos: \u201cSi no pag\u00e1s, no pas\u00e1s\u201d<\/figcaption><\/figure>\n\n\n\n<p>La intendente Mayra Mendoza a\u00fan no se ha presentado en el lugar, mientras que el secretario de seguridad de Avellaneda, Alejo Chornobroff, tampoco ha intervenido, a pesar de que el acceso sudeste conecta ambos distritos. Los vecinos denuncian que la inseguridad sigue aumentando y que las autoridades no est\u00e1n tomando medidas efectivas para controlar la situaci\u00f3n.<\/p>\n\n\n\n<figure class=\"wp-block-image size-large\"><img loading=\"lazy\" decoding=\"async\" width=\"1024\" height=\"576\" src=\"https:\/\/enlamira.info\/wp-content\/uploads\/2025\/04\/ab622378-d102-426e-acc0-71e7ad7d7333-1024x576.jpg\" alt=\"\" class=\"wp-image-15690\" srcset=\"https:\/\/enlamira.info\/wp-content\/uploads\/2025\/04\/ab622378-d102-426e-acc0-71e7ad7d7333-1024x576.jpg 1024w, https:\/\/enlamira.info\/wp-content\/uploads\/2025\/04\/ab622378-d102-426e-acc0-71e7ad7d7333-300x169.jpg 300w, https:\/\/enlamira.info\/wp-content\/uploads\/2025\/04\/ab622378-d102-426e-acc0-71e7ad7d7333-768x432.jpg 768w, https:\/\/enlamira.info\/wp-content\/uploads\/2025\/04\/ab622378-d102-426e-acc0-71e7ad7d7333-1536x864.jpg 1536w, https:\/\/enlamira.info\/wp-content\/uploads\/2025\/04\/ab622378-d102-426e-acc0-71e7ad7d7333.jpg 1600w\" sizes=\"(max-width: 1024px) 100vw, 1024px\" \/><\/figure>\n\n\n\n<p>La comunidad exige respuestas y acciones concretas para frenar la violencia y garantizar la seguridad en la zona. La ausencia de las autoridades locales solo agrava el sentimiento de abandono y desesperaci\u00f3n entre los vecinos. \u00bfSer\u00e1 este el punto de inflexi\u00f3n para que las autoridades act\u00faen?<\/p>\n\n\n\n<p>UN CHICO DE VILLA AZUL, INTENTA APU\u00d1ALAR A UN POLICIA<\/p>\n\n\n\n<figure class=\"wp-block-embed is-type-video is-provider-youtube wp-block-embed-youtube wp-embed-aspect-16-9 wp-has-aspect-ratio\"><div class=\"wp-block-embed__wrapper\">\n<iframe loading=\"lazy\" title=\"Bernal: corte en el Acceso Sudeste, menor de Villa Azul intent\u00f3 apu\u00f1alar a polic\u00eda.\" width=\"640\" height=\"360\" src=\"https:\/\/www.youtube.com\/embed\/xNYBbwiq7RM?feature=oembed\" frameborder=\"0\" allow=\"accelerometer; autoplay; clipboard-write; encrypted-media; gyroscope; picture-in-picture; web-share\" referrerpolicy=\"strict-origin-when-cross-origin\" allowfullscreen><\/iframe>\n<\/div><\/figure>\n","protected":false},"excerpt":{"rendered":"<p>La inseguridad en Bernal Oeste alcanza niveles alarmantes. En las \u00faltimas horas, un joven de Villa Azul intent\u00f3 apu\u00f1alar a un polic\u00eda, marcando la segunda jornada de incidentes en la zona. Ayer, se viraliz\u00f3 una imagen de delincuentes saqueando y despojando de dinero a automovilistas en el Acceso Sudeste. En Villa Itat\u00ed, vecinos cortaron el [&hellip;]<\/p>\n","protected":false},"author":2,"featured_media":15688,"comment_status":"open","ping_status":"open","sticky":false,"template":"","format":"standard","meta":{"footnotes":""},"categories":[1,32,5],"tags":[1295,1294],"_links":{"self":[{"href":"https:\/\/enlamira.info\/index.php\/wp-json\/wp\/v2\/posts\/15687"}],"collection":[{"href":"https:\/\/enlamira.info\/index.php\/wp-json\/wp\/v2\/posts"}],"about":[{"href":"https:\/\/enlamira.info\/index.php\/wp-json\/wp\/v2\/types\/post"}],"author":[{"embeddable":true,"href":"https:\/\/enlamira.info\/index.php\/wp-json\/wp\/v2\/users\/2"}],"replies":[{"embeddable":true,"href":"https:\/\/enlamira.info\/index.php\/wp-json\/wp\/v2\/comments?post=15687"}],"version-history":[{"count":1,"href":"https:\/\/enlamira.info\/index.php\/wp-json\/wp\/v2\/posts\/15687\/revisions"}],"predecessor-version":[{"id":15691,"href":"https:\/\/enlamira.info\/index.php\/wp-json\/wp\/v2\/posts\/15687\/revisions\/15691"}],"wp:featuredmedia":[{"embeddable":true,"href":"https:\/\/enlamira.info\/index.php\/wp-json\/wp\/v2\/media\/15688"}],"wp:attachment":[{"href":"https:\/\/enlamira.info\/index.php\/wp-json\/wp\/v2\/media?parent=15687"}],"wp:term":[{"taxonomy":"category","embeddable":true,"href":"https:\/\/enlamira.info\/index.php\/wp-json\/wp\/v2\/categories?post=15687"},{"taxonomy":"post_tag","embeddable":true,"href":"https:\/\/enlamira.info\/index.php\/wp-json\/wp\/v2\/tags?post=15687"}],"curies":[{"name":"wp","href":"https:\/\/api.w.org\/{rel}","templated":true}]}}